{"id":50602,"date":"2018-03-12T18:29:11","date_gmt":"2018-03-12T16:29:11","guid":{"rendered":"https:\/\/www.giurgiuveanul.ro\/stiri\/?p=50602"},"modified":"2018-03-12T18:29:11","modified_gmt":"2018-03-12T16:29:11","slug":"dosar-penal-pentru-tanar-giurgiuvean-prins-beat-la-volan","status":"publish","type":"post","link":"https:\/\/www.giurgiuveanul.ro\/stiri\/dosar-penal-pentru-tanar-giurgiuvean-prins-beat-la-volan\/","title":{"rendered":"Dosar penal pentru un t\u00e2n\u0103r giurgiuvean&#8230; prins beat la volan!"},"content":{"rendered":"<p style=\"text-align: justify;\"><strong><a href=\"https:\/\/www.giurgiuveanul.ro\/stiri\/wp-content\/uploads\/2018\/03\/IMG_9032.jpg\"><img loading=\"lazy\" decoding=\"async\" class=\"aligncenter size-large wp-image-50603\" src=\"https:\/\/www.giurgiuveanul.ro\/stiri\/wp-content\/uploads\/2018\/03\/IMG_9032-560x372.jpg\" alt=\"IMG_9032\" width=\"560\" height=\"372\" srcset=\"https:\/\/www.giurgiuveanul.ro\/stiri\/wp-content\/uploads\/2018\/03\/IMG_9032-560x372.jpg 560w, https:\/\/www.giurgiuveanul.ro\/stiri\/wp-content\/uploads\/2018\/03\/IMG_9032-250x166.jpg 250w, https:\/\/www.giurgiuveanul.ro\/stiri\/wp-content\/uploads\/2018\/03\/IMG_9032-400x266.jpg 400w, https:\/\/www.giurgiuveanul.ro\/stiri\/wp-content\/uploads\/2018\/03\/IMG_9032.jpg 800w\" sizes=\"auto, (max-width: 560px) 100vw, 560px\" \/><\/a>Un t\u00e2n\u0103r este cercetat de poli\u021bi\u0219tii giurgiuveni, dup\u0103 ce <!--more-->a fost depistat conduc\u00e2nd autoturismul pe drumurile publice sub influen\u021ba alcoolului.<\/strong><\/p>\n<p style=\"text-align: justify;\">Poli\u021bi\u0219tii din cadrul Biroului de Ordine Public\u0103 pentru Mediu Urban Giurgiu au depistat \u00een trafic un t\u00e2n\u0103r, de 28 de ani, din municipiul Giurgiu, \u00een timp ce conducea un autoturism, pe strada Tineretului, din municipiu Giurgiu, afl\u00e2ndu-se sub influen\u021ba b\u0103uturilor alcoolice.<\/p>\n<p style=\"text-align: justify;\">Conduc\u0103torul auto a fost testat cu aparatul etilotest, care a indicat o valoare de 0,85 mg.\/l. alcool pur \u00een aerul expirat \u0219i a fost condus la spital, unde i-au fost recoltate probe biologice de s\u00e2nge \u00een vederea stabilirii alcoolemiei.<\/p>\n<p style=\"text-align: justify;\">\u00cen cauz\u0103 a fost \u00eentocmit un dosar penal \u00een care se efectueaz\u0103 cercet\u0103ri sub aspectul s\u0103v\u00e2r\u0219irii infrac\u021biunii de conducerea unui autovehicul pe drumurile publice sub influen\u021ba alcoolului.<\/p>\n","protected":false},"excerpt":{"rendered":"<p>Un t\u00e2n\u0103r este cercetat de poli\u021bi\u0219tii giurgiuveni, dup\u0103 ce<\/p>\n","protected":false},"author":1,"featured_media":0,"comment_status":"open","ping_status":"open","sticky":false,"template":"","format":"standard","meta":{"footnotes":""},"categories":[6],"tags":[],"class_list":["post-50602","post","type-post","status-publish","format-standard","hentry","category-breaking-news"],"_links":{"self":[{"href":"https:\/\/www.giurgiuveanul.ro\/stiri\/wp-json\/wp\/v2\/posts\/50602","targetHints":{"allow":["GET"]}}],"collection":[{"href":"https:\/\/www.giurgiuveanul.ro\/stiri\/wp-json\/wp\/v2\/posts"}],"about":[{"href":"https:\/\/www.giurgiuveanul.ro\/stiri\/wp-json\/wp\/v2\/types\/post"}],"author":[{"embeddable":true,"href":"https:\/\/www.giurgiuveanul.ro\/stiri\/wp-json\/wp\/v2\/users\/1"}],"replies":[{"embeddable":true,"href":"https:\/\/www.giurgiuveanul.ro\/stiri\/wp-json\/wp\/v2\/comments?post=50602"}],"version-history":[{"count":0,"href":"https:\/\/www.giurgiuveanul.ro\/stiri\/wp-json\/wp\/v2\/posts\/50602\/revisions"}],"wp:attachment":[{"href":"https:\/\/www.giurgiuveanul.ro\/stiri\/wp-json\/wp\/v2\/media?parent=50602"}],"wp:term":[{"taxonomy":"category","embeddable":true,"href":"https:\/\/www.giurgiuveanul.ro\/stiri\/wp-json\/wp\/v2\/categories?post=50602"},{"taxonomy":"post_tag","embeddable":true,"href":"https:\/\/www.giurgiuveanul.ro\/stiri\/wp-json\/wp\/v2\/tags?post=50602"}],"curies":[{"name":"wp","href":"https:\/\/api.w.org\/{rel}","templated":true}]}}