{"id":50634,"date":"2018-03-13T17:44:08","date_gmt":"2018-03-13T15:44:08","guid":{"rendered":"https:\/\/www.giurgiuveanul.ro\/stiri\/?p=50634"},"modified":"2018-03-13T17:44:08","modified_gmt":"2018-03-13T15:44:08","slug":"tanar-giurgiuvean-cercetat-pentru-furt-calificat","status":"publish","type":"post","link":"https:\/\/www.giurgiuveanul.ro\/stiri\/tanar-giurgiuvean-cercetat-pentru-furt-calificat\/","title":{"rendered":"T\u00e2n\u0103r giurgiuvean, cercetat pentru furt calificat"},"content":{"rendered":"<p style=\"text-align: justify;\"><strong><a href=\"https:\/\/www.giurgiuveanul.ro\/stiri\/wp-content\/uploads\/2018\/03\/646x404.jpg\"><img loading=\"lazy\" decoding=\"async\" class=\"aligncenter size-large wp-image-50635\" src=\"https:\/\/www.giurgiuveanul.ro\/stiri\/wp-content\/uploads\/2018\/03\/646x404-560x350.jpg\" alt=\"646x404\" width=\"560\" height=\"350\" srcset=\"https:\/\/www.giurgiuveanul.ro\/stiri\/wp-content\/uploads\/2018\/03\/646x404-560x350.jpg 560w, https:\/\/www.giurgiuveanul.ro\/stiri\/wp-content\/uploads\/2018\/03\/646x404-250x156.jpg 250w, https:\/\/www.giurgiuveanul.ro\/stiri\/wp-content\/uploads\/2018\/03\/646x404-400x250.jpg 400w, https:\/\/www.giurgiuveanul.ro\/stiri\/wp-content\/uploads\/2018\/03\/646x404.jpg 646w\" sizes=\"auto, (max-width: 560px) 100vw, 560px\" \/><\/a>Poli\u021bi\u0219tii <!--more-->Sec\u021biei num\u0103rul 5 Poli\u021bie Rural\u0103 Giurgiu au depistat un t\u00e2n\u0103r b\u0103nuit c\u0103 ar fi sustras mai multe bunuri nealimentare din incinta unei societ\u0103\u021bi comerciale din comuna Putineiu.<\/strong><\/p>\n<p style=\"text-align: justify;\">Joi, 8 martie a.c., \u00een jurul orei 10.00, poli\u021bi\u0219tii au fost sesiza\u021bi prin intermediul Sistemului Na\u021bional de Apeluri de Urgen\u021b\u0103 112 c\u0103 persoane necunoscute au intrat \u00een cursul nop\u021bii \u00een incinta unei societ\u0103\u021bi din comuna Putineiu de unde au sustras mai multe bunuri.<\/p>\n<p style=\"text-align: justify;\">\u00cen urma activit\u0103\u021bilor specifice, poli\u021bi\u0219tii Sec\u021biei num\u0103rul 5 Poli\u021bie Rural\u0103 Giurgiu au identificat un\u00a0t\u00e2n\u0103r,\u00a0de 21 de ani, din comuna Putineiu, b\u0103nuit c\u0103 \u00een noaptea de 7\/8 martie 2018 a sustras mai multe bunuri nealimentare din incinta societ\u0103\u021bii.<\/p>\n<p style=\"text-align: justify;\">Prejudiciul estimat la 2.000 de lei a fost recuperat par\u021bial, urm\u00e2nd ca bunurile s\u0103 fie predate proprietarului.<\/p>\n<p style=\"text-align: justify;\">Poli\u021bi\u0219tii au \u00eentocmit \u00een cauz\u0103 un dosar penal \u00een care efectueaz\u0103 cercet\u0103ri sub aspectul s\u0103v\u00e2r\u0219irii infrac\u021biunii de furt calificat.<\/p>\n","protected":false},"excerpt":{"rendered":"<p>Poli\u021bi\u0219tii<\/p>\n","protected":false},"author":1,"featured_media":0,"comment_status":"open","ping_status":"open","sticky":false,"template":"","format":"standard","meta":{"footnotes":""},"categories":[6],"tags":[],"class_list":["post-50634","post","type-post","status-publish","format-standard","hentry","category-breaking-news"],"_links":{"self":[{"href":"https:\/\/www.giurgiuveanul.ro\/stiri\/wp-json\/wp\/v2\/posts\/50634","targetHints":{"allow":["GET"]}}],"collection":[{"href":"https:\/\/www.giurgiuveanul.ro\/stiri\/wp-json\/wp\/v2\/posts"}],"about":[{"href":"https:\/\/www.giurgiuveanul.ro\/stiri\/wp-json\/wp\/v2\/types\/post"}],"author":[{"embeddable":true,"href":"https:\/\/www.giurgiuveanul.ro\/stiri\/wp-json\/wp\/v2\/users\/1"}],"replies":[{"embeddable":true,"href":"https:\/\/www.giurgiuveanul.ro\/stiri\/wp-json\/wp\/v2\/comments?post=50634"}],"version-history":[{"count":0,"href":"https:\/\/www.giurgiuveanul.ro\/stiri\/wp-json\/wp\/v2\/posts\/50634\/revisions"}],"wp:attachment":[{"href":"https:\/\/www.giurgiuveanul.ro\/stiri\/wp-json\/wp\/v2\/media?parent=50634"}],"wp:term":[{"taxonomy":"category","embeddable":true,"href":"https:\/\/www.giurgiuveanul.ro\/stiri\/wp-json\/wp\/v2\/categories?post=50634"},{"taxonomy":"post_tag","embeddable":true,"href":"https:\/\/www.giurgiuveanul.ro\/stiri\/wp-json\/wp\/v2\/tags?post=50634"}],"curies":[{"name":"wp","href":"https:\/\/api.w.org\/{rel}","templated":true}]}}