{"id":50665,"date":"2018-03-14T09:57:47","date_gmt":"2018-03-14T07:57:47","guid":{"rendered":"https:\/\/www.giurgiuveanul.ro\/stiri\/?p=50665"},"modified":"2018-03-14T09:57:47","modified_gmt":"2018-03-14T07:57:47","slug":"doi-tineri-giurgiuveni-depistati-fara-permis-de-conducere-in-trafic","status":"publish","type":"post","link":"https:\/\/www.giurgiuveanul.ro\/stiri\/doi-tineri-giurgiuveni-depistati-fara-permis-de-conducere-in-trafic\/","title":{"rendered":"Doi tineri giurgiuveni, depista\u0163i f\u0103r\u0103 permis de conducere&#8230; \u00een trafic!"},"content":{"rendered":"<p style=\"text-align: justify;\"><strong><a href=\"https:\/\/www.giurgiuveanul.ro\/stiri\/wp-content\/uploads\/2018\/03\/IMG_0157.jpg\"><img loading=\"lazy\" decoding=\"async\" class=\"aligncenter size-large wp-image-50666\" src=\"https:\/\/www.giurgiuveanul.ro\/stiri\/wp-content\/uploads\/2018\/03\/IMG_0157-560x356.jpg\" alt=\"IMG_0157\" width=\"560\" height=\"356\" srcset=\"https:\/\/www.giurgiuveanul.ro\/stiri\/wp-content\/uploads\/2018\/03\/IMG_0157-560x356.jpg 560w, https:\/\/www.giurgiuveanul.ro\/stiri\/wp-content\/uploads\/2018\/03\/IMG_0157-250x159.jpg 250w, https:\/\/www.giurgiuveanul.ro\/stiri\/wp-content\/uploads\/2018\/03\/IMG_0157-400x254.jpg 400w, https:\/\/www.giurgiuveanul.ro\/stiri\/wp-content\/uploads\/2018\/03\/IMG_0157.jpg 800w\" sizes=\"auto, (max-width: 560px) 100vw, 560px\" \/><\/a>Conduc\u0103tori auto <!--more-->cerceta\u021bi de poli\u021bi\u0219tii giurgiuveni, dup\u0103 ce au fost depista\u021bi conduc\u00e2nd autoturismele pe drumurile publice f\u0103r\u0103 s\u0103 posede permise de conducere.<\/strong><\/p>\n<p style=\"text-align: justify;\">Luni, 12 martie, a.c., \u00een jurul orei 12.00, poli\u021bi\u0219tii din cadrul\u00a0 Sec\u021biei num\u0103rul 6 Poli\u021bie Rural\u0103 Mih\u0103ile\u0219ti au depistat \u00een trafic un t\u00e2n\u0103r de 26 de ani, din comuna Letca Nou\u0103, \u00een timp ce conducea un autoturism pe \u0219oseaua Prim\u0103riei, din localitatea Letca Nou\u0103, f\u0103r\u0103 s\u0103 posede permis de conducere pentru nicio categorie.<\/p>\n<p style=\"text-align: justify;\">La aceea\u0219i dat\u0103, \u00een jurul orei 23.45, \u00een localitatea Ogrezeni, poli\u021bi\u0219tii Postului de Poli\u021bie Ogrezeni au depistat un b\u0103rbat de 21 de ani din comuna Clejani, \u00een timp ce conducea autoturismul proprietate personal\u0103 pe Drumul Jude\u021bean 412 C de\u0219i nu poseda permis de conducere.<\/p>\n<p style=\"text-align: justify;\">\u00cen ambele cauze au fost \u00eentocmite dosare penale \u00een care se efectueaz\u0103 cercet\u0103ri sub aspectul s\u0103v\u00e2r\u0219irii infrac\u021biunilor de conducerea unui vehicul pe drumurile publice f\u0103r\u0103 a de\u021bine permis de conducere.<\/p>\n","protected":false},"excerpt":{"rendered":"<p>Conduc\u0103tori auto<\/p>\n","protected":false},"author":1,"featured_media":0,"comment_status":"open","ping_status":"open","sticky":false,"template":"","format":"standard","meta":{"footnotes":""},"categories":[6],"tags":[],"class_list":["post-50665","post","type-post","status-publish","format-standard","hentry","category-breaking-news"],"_links":{"self":[{"href":"https:\/\/www.giurgiuveanul.ro\/stiri\/wp-json\/wp\/v2\/posts\/50665","targetHints":{"allow":["GET"]}}],"collection":[{"href":"https:\/\/www.giurgiuveanul.ro\/stiri\/wp-json\/wp\/v2\/posts"}],"about":[{"href":"https:\/\/www.giurgiuveanul.ro\/stiri\/wp-json\/wp\/v2\/types\/post"}],"author":[{"embeddable":true,"href":"https:\/\/www.giurgiuveanul.ro\/stiri\/wp-json\/wp\/v2\/users\/1"}],"replies":[{"embeddable":true,"href":"https:\/\/www.giurgiuveanul.ro\/stiri\/wp-json\/wp\/v2\/comments?post=50665"}],"version-history":[{"count":0,"href":"https:\/\/www.giurgiuveanul.ro\/stiri\/wp-json\/wp\/v2\/posts\/50665\/revisions"}],"wp:attachment":[{"href":"https:\/\/www.giurgiuveanul.ro\/stiri\/wp-json\/wp\/v2\/media?parent=50665"}],"wp:term":[{"taxonomy":"category","embeddable":true,"href":"https:\/\/www.giurgiuveanul.ro\/stiri\/wp-json\/wp\/v2\/categories?post=50665"},{"taxonomy":"post_tag","embeddable":true,"href":"https:\/\/www.giurgiuveanul.ro\/stiri\/wp-json\/wp\/v2\/tags?post=50665"}],"curies":[{"name":"wp","href":"https:\/\/api.w.org\/{rel}","templated":true}]}}