{"id":50668,"date":"2018-03-14T10:18:25","date_gmt":"2018-03-14T08:18:25","guid":{"rendered":"https:\/\/www.giurgiuveanul.ro\/stiri\/?p=50668"},"modified":"2018-03-14T10:18:25","modified_gmt":"2018-03-14T08:18:25","slug":"autoturismele-fara-itp-acceptate-in-programul-rabla-vor-fi-primite-la-casare-si-microbuzele","status":"publish","type":"post","link":"https:\/\/www.giurgiuveanul.ro\/stiri\/autoturismele-fara-itp-acceptate-in-programul-rabla-vor-fi-primite-la-casare-si-microbuzele\/","title":{"rendered":"Autoturismele f\u0103r\u0103 ITP, acceptate \u00een Programul \u201eRabla\u201d. Vor fi primite la casare \u0219i microbuzele!"},"content":{"rendered":"<p style=\"text-align: justify;\"><strong><a href=\"https:\/\/www.giurgiuveanul.ro\/stiri\/wp-content\/uploads\/2018\/03\/img1.jpg\"><img loading=\"lazy\" decoding=\"async\" class=\"aligncenter size-large wp-image-50669\" src=\"https:\/\/www.giurgiuveanul.ro\/stiri\/wp-content\/uploads\/2018\/03\/img1-560x411.jpg\" alt=\"img\" width=\"560\" height=\"411\" srcset=\"https:\/\/www.giurgiuveanul.ro\/stiri\/wp-content\/uploads\/2018\/03\/img1-560x411.jpg 560w, https:\/\/www.giurgiuveanul.ro\/stiri\/wp-content\/uploads\/2018\/03\/img1-250x183.jpg 250w, https:\/\/www.giurgiuveanul.ro\/stiri\/wp-content\/uploads\/2018\/03\/img1-400x293.jpg 400w, https:\/\/www.giurgiuveanul.ro\/stiri\/wp-content\/uploads\/2018\/03\/img1.jpg 840w\" sizes=\"auto, (max-width: 560px) 100vw, 560px\" \/><\/a>Guvernul a renun\u0163at la ideea ca<!--more--> ma\u0219inile vechi s\u0103 nu fie primite la casare \u00een programul Rabla dac\u0103 nu au inspec\u021bia tehnic\u0103 perioad\u0103 (ITP) valabil\u0103 la \u00eenscrierea \u00een program.<\/strong><\/p>\n<p style=\"text-align: justify;\">O serie de modific\u0103ri, printre care \u015fi cea referitoate la ITP, apar \u00een ordinul Ministerului Mediului nr. 241\/2018 privind modificarea \u0219i completarea Ghidului de finan\u0163are a Programului de stimulare a \u00eennoirii Parcului auto na\u0163ional 2017 \u2013 2019, publicat luni \u00een Monitorul Oficial, scrie avocatnet.ro.<\/p>\n<p style=\"text-align: justify;\">Documentul a fost publicat \u00een\u00a0Monitorul Oficial, Partea I, nr. 222 din 12 martie 2018\u00a0\u0219i se aplic\u0103 deja.<\/p>\n<p style=\"text-align: justify;\">Ini\u021bial, Ministerul Mediului a propus o schimbare care a nemul\u021bumit proprietarii de ma\u0219ini vechi: admiterea la casare numai a ma\u0219inilor cu ITP valabil, \u00eens\u0103 chestiunea nu s-a p\u0103strat \u00een forma publicat\u0103 a ordinului.<\/p>\n<p style=\"text-align: justify;\">O alt\u0103 veste bun\u0103, potrivit ordinului, este c\u0103 vor fi primite la casare \u0219i microbuzele, ele fiind introduse acum expres \u00een defini\u021bia autovehiculului uzat:\u00a0<em>\u201eautovehicul apar\u021bin\u00e2nd categoriei de folosin\u021b\u0103 M2 sau M3, conceput \u0219i construit pentru transportul de pasageri \u0219i care are, \u00een afara locului conduc\u0103torului, cel mult 22 locuri pe scaune sau \u00een picioare\u201d.\u00a0<\/em><\/p>\n","protected":false},"excerpt":{"rendered":"<p>Guvernul a renun\u0163at la ideea ca<\/p>\n","protected":false},"author":1,"featured_media":0,"comment_status":"open","ping_status":"open","sticky":false,"template":"","format":"standard","meta":{"footnotes":""},"categories":[6],"tags":[],"class_list":["post-50668","post","type-post","status-publish","format-standard","hentry","category-breaking-news"],"_links":{"self":[{"href":"https:\/\/www.giurgiuveanul.ro\/stiri\/wp-json\/wp\/v2\/posts\/50668","targetHints":{"allow":["GET"]}}],"collection":[{"href":"https:\/\/www.giurgiuveanul.ro\/stiri\/wp-json\/wp\/v2\/posts"}],"about":[{"href":"https:\/\/www.giurgiuveanul.ro\/stiri\/wp-json\/wp\/v2\/types\/post"}],"author":[{"embeddable":true,"href":"https:\/\/www.giurgiuveanul.ro\/stiri\/wp-json\/wp\/v2\/users\/1"}],"replies":[{"embeddable":true,"href":"https:\/\/www.giurgiuveanul.ro\/stiri\/wp-json\/wp\/v2\/comments?post=50668"}],"version-history":[{"count":0,"href":"https:\/\/www.giurgiuveanul.ro\/stiri\/wp-json\/wp\/v2\/posts\/50668\/revisions"}],"wp:attachment":[{"href":"https:\/\/www.giurgiuveanul.ro\/stiri\/wp-json\/wp\/v2\/media?parent=50668"}],"wp:term":[{"taxonomy":"category","embeddable":true,"href":"https:\/\/www.giurgiuveanul.ro\/stiri\/wp-json\/wp\/v2\/categories?post=50668"},{"taxonomy":"post_tag","embeddable":true,"href":"https:\/\/www.giurgiuveanul.ro\/stiri\/wp-json\/wp\/v2\/tags?post=50668"}],"curies":[{"name":"wp","href":"https:\/\/api.w.org\/{rel}","templated":true}]}}