{"id":50675,"date":"2018-03-14T10:38:00","date_gmt":"2018-03-14T08:38:00","guid":{"rendered":"https:\/\/www.giurgiuveanul.ro\/stiri\/?p=50675"},"modified":"2018-03-14T10:42:36","modified_gmt":"2018-03-14T08:42:36","slug":"41-de-localitati-dintre-care-trei-din-giurgiu-afectate-de-inundatii","status":"publish","type":"post","link":"https:\/\/www.giurgiuveanul.ro\/stiri\/41-de-localitati-dintre-care-trei-din-giurgiu-afectate-de-inundatii\/","title":{"rendered":"41 de localit\u0103\u0163i, dintre care trei din Giurgiu, afectate de inunda\u0163ii"},"content":{"rendered":"<p style=\"text-align: justify;\"><a href=\"https:\/\/www.giurgiuveanul.ro\/stiri\/wp-content\/uploads\/2018\/03\/IMG-20180314-WA0006.jpg\"><img loading=\"lazy\" decoding=\"async\" class=\"aligncenter size-large wp-image-50676\" src=\"https:\/\/www.giurgiuveanul.ro\/stiri\/wp-content\/uploads\/2018\/03\/IMG-20180314-WA0006-560x315.jpg\" alt=\"IMG-20180314-WA0006\" width=\"560\" height=\"315\" srcset=\"https:\/\/www.giurgiuveanul.ro\/stiri\/wp-content\/uploads\/2018\/03\/IMG-20180314-WA0006-560x315.jpg 560w, https:\/\/www.giurgiuveanul.ro\/stiri\/wp-content\/uploads\/2018\/03\/IMG-20180314-WA0006-250x141.jpg 250w, https:\/\/www.giurgiuveanul.ro\/stiri\/wp-content\/uploads\/2018\/03\/IMG-20180314-WA0006-400x225.jpg 400w, https:\/\/www.giurgiuveanul.ro\/stiri\/wp-content\/uploads\/2018\/03\/IMG-20180314-WA0006.jpg 1600w\" sizes=\"auto, (max-width: 560px) 100vw, 560px\" \/><\/a>Topirea accelerat\u0103 a z\u0103pezii \u015fi <!--more-->precipita\u0163iile din ultima perioad\u0103 au provocat probleme \u00een mai multe jude\u0163e, fiind afectate gospod\u0103rii, terenuri agricole, f\u00e2nt\u00e2ni \u015fi tronsoane de drumuri na\u0163ionale, jude\u0163ene \u015fi comunale. Ministerul Afacerilor Interne a anun\u0163at c\u0103 p\u00e2n\u0103 \u00een prezent s-a intervenit \u00een 41 localit\u0103\u0163i din 14 jude\u0163e, respectiv \u00een Arge\u015f, Bra\u015fov, C\u0103l\u0103ra\u015fi, Covasna, Harghita, Dolj, D\u00e2mbovi\u0163a, Giurgiu, Prahova, Olt, Teleorman, Vaslui, V\u00e2lcea, Ilfov \u015fi \u00een municipiul Bucure\u015fti.<\/p>\n<p style=\"text-align: justify;\">Nu a fost nevoie de evacuarea popula\u0163iei din zonele afectate. \u00cen Giurgiu, din cauza rev\u0103rs\u0103rii apelor \u0219i topirii z\u0103pezii, au fost afectate trei localit\u0103\u021bi.<\/p>\n<p style=\"text-align: justify;\">Din cauza topirii accelerate a z\u0103pezii, \u00een C\u0103lug\u0103reni, \u00eentr-o vale, s-a format o balt\u0103 pe o suprafa\u021b\u0103 de c\u00e2\u021biva kilometri, care a inundat trei gospod\u0103rii. Pompierii au ac\u021bionat zile \u00eentregi cu o motopomp\u0103 de mare capacitate pentru evacuarea apei din zona afectat\u0103.<\/p>\n<p style=\"text-align: justify;\"><em>Fotografie din zona C\u0103lug\u0103reni, primit\u0103 de la un cititor, \u00een aceast\u0103 diminea\u0163\u0103!<\/em><\/p>\n","protected":false},"excerpt":{"rendered":"<p>Topirea accelerat\u0103 a z\u0103pezii \u015fi<\/p>\n","protected":false},"author":1,"featured_media":0,"comment_status":"open","ping_status":"open","sticky":false,"template":"","format":"standard","meta":{"footnotes":""},"categories":[6],"tags":[],"class_list":["post-50675","post","type-post","status-publish","format-standard","hentry","category-breaking-news"],"_links":{"self":[{"href":"https:\/\/www.giurgiuveanul.ro\/stiri\/wp-json\/wp\/v2\/posts\/50675","targetHints":{"allow":["GET"]}}],"collection":[{"href":"https:\/\/www.giurgiuveanul.ro\/stiri\/wp-json\/wp\/v2\/posts"}],"about":[{"href":"https:\/\/www.giurgiuveanul.ro\/stiri\/wp-json\/wp\/v2\/types\/post"}],"author":[{"embeddable":true,"href":"https:\/\/www.giurgiuveanul.ro\/stiri\/wp-json\/wp\/v2\/users\/1"}],"replies":[{"embeddable":true,"href":"https:\/\/www.giurgiuveanul.ro\/stiri\/wp-json\/wp\/v2\/comments?post=50675"}],"version-history":[{"count":0,"href":"https:\/\/www.giurgiuveanul.ro\/stiri\/wp-json\/wp\/v2\/posts\/50675\/revisions"}],"wp:attachment":[{"href":"https:\/\/www.giurgiuveanul.ro\/stiri\/wp-json\/wp\/v2\/media?parent=50675"}],"wp:term":[{"taxonomy":"category","embeddable":true,"href":"https:\/\/www.giurgiuveanul.ro\/stiri\/wp-json\/wp\/v2\/categories?post=50675"},{"taxonomy":"post_tag","embeddable":true,"href":"https:\/\/www.giurgiuveanul.ro\/stiri\/wp-json\/wp\/v2\/tags?post=50675"}],"curies":[{"name":"wp","href":"https:\/\/api.w.org\/{rel}","templated":true}]}}