{"id":50681,"date":"2018-03-14T17:05:41","date_gmt":"2018-03-14T15:05:41","guid":{"rendered":"https:\/\/www.giurgiuveanul.ro\/stiri\/?p=50681"},"modified":"2018-03-14T17:37:17","modified_gmt":"2018-03-14T15:37:17","slug":"fetita-de-sapte-ani-accidentata","status":"publish","type":"post","link":"https:\/\/www.giurgiuveanul.ro\/stiri\/fetita-de-sapte-ani-accidentata\/","title":{"rendered":"Un copil de \u015fapte ani, accidentat!"},"content":{"rendered":"<p style=\"text-align: justify;\"><a href=\"https:\/\/www.giurgiuveanul.ro\/stiri\/wp-content\/uploads\/2018\/03\/IMG_9506.jpg\"><img loading=\"lazy\" decoding=\"async\" class=\"aligncenter size-large wp-image-50682\" src=\"https:\/\/www.giurgiuveanul.ro\/stiri\/wp-content\/uploads\/2018\/03\/IMG_9506-493x450.jpg\" alt=\"IMG_9506\" width=\"493\" height=\"450\" srcset=\"https:\/\/www.giurgiuveanul.ro\/stiri\/wp-content\/uploads\/2018\/03\/IMG_9506-493x450.jpg 493w, https:\/\/www.giurgiuveanul.ro\/stiri\/wp-content\/uploads\/2018\/03\/IMG_9506-250x228.jpg 250w, https:\/\/www.giurgiuveanul.ro\/stiri\/wp-content\/uploads\/2018\/03\/IMG_9506-400x365.jpg 400w, https:\/\/www.giurgiuveanul.ro\/stiri\/wp-content\/uploads\/2018\/03\/IMG_9506.jpg 800w\" sizes=\"auto, (max-width: 493px) 100vw, 493px\" \/><\/a><\/p>\n<p style=\"text-align: justify;\">Un copil<!--more--> de \u0219apte ani, din localitatea Prundu, a fost accidentat de o autoutilitar\u0103 condus\u0103 de o femeie, de 48 de ani, din Giurgiu. Accidentul de circula\u021bie s-a produs pe DN41, \u00een Prundu, \u00een jurul orei 16.00, copilul angaj\u00e2ndu-se \u00een traversarea str\u0103zii\u00a0 prin loc nepermis \u0219i f\u0103r\u0103 s\u0103 se asigure.<\/p>\n<p style=\"text-align: justify;\">Minorul a fost\u00a0 transportat la spital pentru acordarea de \u00eengrijiri medicale.<\/p>\n<p style=\"text-align: justify;\">Poli\u021bi\u0219tii au deschis \u00een cauz\u0103 un dosar penal pentru v\u0103t\u0103mare din culp\u0103.<\/p>\n","protected":false},"excerpt":{"rendered":"<p>Un copil<\/p>\n","protected":false},"author":1,"featured_media":0,"comment_status":"open","ping_status":"open","sticky":false,"template":"","format":"standard","meta":{"footnotes":""},"categories":[6],"tags":[],"class_list":["post-50681","post","type-post","status-publish","format-standard","hentry","category-breaking-news"],"_links":{"self":[{"href":"https:\/\/www.giurgiuveanul.ro\/stiri\/wp-json\/wp\/v2\/posts\/50681","targetHints":{"allow":["GET"]}}],"collection":[{"href":"https:\/\/www.giurgiuveanul.ro\/stiri\/wp-json\/wp\/v2\/posts"}],"about":[{"href":"https:\/\/www.giurgiuveanul.ro\/stiri\/wp-json\/wp\/v2\/types\/post"}],"author":[{"embeddable":true,"href":"https:\/\/www.giurgiuveanul.ro\/stiri\/wp-json\/wp\/v2\/users\/1"}],"replies":[{"embeddable":true,"href":"https:\/\/www.giurgiuveanul.ro\/stiri\/wp-json\/wp\/v2\/comments?post=50681"}],"version-history":[{"count":0,"href":"https:\/\/www.giurgiuveanul.ro\/stiri\/wp-json\/wp\/v2\/posts\/50681\/revisions"}],"wp:attachment":[{"href":"https:\/\/www.giurgiuveanul.ro\/stiri\/wp-json\/wp\/v2\/media?parent=50681"}],"wp:term":[{"taxonomy":"category","embeddable":true,"href":"https:\/\/www.giurgiuveanul.ro\/stiri\/wp-json\/wp\/v2\/categories?post=50681"},{"taxonomy":"post_tag","embeddable":true,"href":"https:\/\/www.giurgiuveanul.ro\/stiri\/wp-json\/wp\/v2\/tags?post=50681"}],"curies":[{"name":"wp","href":"https:\/\/api.w.org\/{rel}","templated":true}]}}