{"id":50691,"date":"2018-03-14T17:48:09","date_gmt":"2018-03-14T15:48:09","guid":{"rendered":"https:\/\/www.giurgiuveanul.ro\/stiri\/?p=50691"},"modified":"2018-03-14T17:48:09","modified_gmt":"2018-03-14T15:48:09","slug":"inca-accident-rutier-soldat-cu-victima-2","status":"publish","type":"post","link":"https:\/\/www.giurgiuveanul.ro\/stiri\/inca-accident-rutier-soldat-cu-victima-2\/","title":{"rendered":"\u00cenc\u0103 un ACCIDENT RUTIER, soldat cu o victim\u0103!"},"content":{"rendered":"<p style=\"text-align: justify;\"><strong><a href=\"https:\/\/www.giurgiuveanul.ro\/stiri\/wp-content\/uploads\/2018\/03\/IMG_9327.jpg\"><img loading=\"lazy\" decoding=\"async\" class=\"aligncenter size-large wp-image-50692\" src=\"https:\/\/www.giurgiuveanul.ro\/stiri\/wp-content\/uploads\/2018\/03\/IMG_9327-361x450.jpg\" alt=\"IMG_9327\" width=\"361\" height=\"450\" srcset=\"https:\/\/www.giurgiuveanul.ro\/stiri\/wp-content\/uploads\/2018\/03\/IMG_9327-361x450.jpg 361w, https:\/\/www.giurgiuveanul.ro\/stiri\/wp-content\/uploads\/2018\/03\/IMG_9327-240x300.jpg 240w, https:\/\/www.giurgiuveanul.ro\/stiri\/wp-content\/uploads\/2018\/03\/IMG_9327-400x499.jpg 400w, https:\/\/www.giurgiuveanul.ro\/stiri\/wp-content\/uploads\/2018\/03\/IMG_9327.jpg 641w\" sizes=\"auto, (max-width: 361px) 100vw, 361px\" \/><\/a>Un conduc\u0103tor auto <!--more-->este cercetat de poli\u021bi\u0219ti dup\u0103 ce a accidentat\u00a0 un t\u00e2n\u0103r, care \u00een calitate de pieton s-a angajat \u00een traversarea str\u0103zii prin loc nepermis \u0219i f\u0103r\u0103 s\u0103 se asigure.<\/strong><\/p>\n<p style=\"text-align: justify;\">Un t\u00e2n\u0103r de 32 ani, din comuna Ghimpa\u021bi, jude\u021bul Giurgiu, \u00een timp ce conducea autoturismul pe strada S\u0103lcioarei, din comuna Ghimpa\u021bi, a accidentat un t\u00e2n\u0103r de 17 ani, din aceea\u0219i localitate, care \u00een calitate de pieton, s-a angajat \u00een traversarea str\u0103zii prin loc nepermis \u0219i f\u0103r\u0103 s\u0103 se asigure.<\/p>\n<p style=\"text-align: justify;\">\u00cen urma accidentului a rezultat r\u0103nirea\u00a0 u\u0219oar\u0103 a t\u00e2n\u0103rului, care a fost transportat la spital pentru acordarea de \u00eengrijirii medicale.<\/p>\n<p style=\"text-align: justify;\">Conduc\u0103torul auto a fost testat cu aparatul alcooltest, rezultatul fiind zero alcool \u00een aerul expirat, fiindu-i recoltate probe biologice de s\u00e2nge in vederea stabilirii alcoolemiei,<\/p>\n<p style=\"text-align: justify;\">Poli\u021bi\u0219tii au \u00eentocmit \u00een cauz\u0103 un dosar penal \u00een care efectueaz\u0103 cercet\u0103ri sub aspectul s\u0103v\u00e2r\u0219irii infrac\u021biunii de v\u0103t\u0103mare corporal\u0103 din culp\u0103.<\/p>\n","protected":false},"excerpt":{"rendered":"<p>Un conduc\u0103tor auto<\/p>\n","protected":false},"author":1,"featured_media":0,"comment_status":"open","ping_status":"open","sticky":false,"template":"","format":"standard","meta":{"footnotes":""},"categories":[6],"tags":[],"class_list":["post-50691","post","type-post","status-publish","format-standard","hentry","category-breaking-news"],"_links":{"self":[{"href":"https:\/\/www.giurgiuveanul.ro\/stiri\/wp-json\/wp\/v2\/posts\/50691","targetHints":{"allow":["GET"]}}],"collection":[{"href":"https:\/\/www.giurgiuveanul.ro\/stiri\/wp-json\/wp\/v2\/posts"}],"about":[{"href":"https:\/\/www.giurgiuveanul.ro\/stiri\/wp-json\/wp\/v2\/types\/post"}],"author":[{"embeddable":true,"href":"https:\/\/www.giurgiuveanul.ro\/stiri\/wp-json\/wp\/v2\/users\/1"}],"replies":[{"embeddable":true,"href":"https:\/\/www.giurgiuveanul.ro\/stiri\/wp-json\/wp\/v2\/comments?post=50691"}],"version-history":[{"count":0,"href":"https:\/\/www.giurgiuveanul.ro\/stiri\/wp-json\/wp\/v2\/posts\/50691\/revisions"}],"wp:attachment":[{"href":"https:\/\/www.giurgiuveanul.ro\/stiri\/wp-json\/wp\/v2\/media?parent=50691"}],"wp:term":[{"taxonomy":"category","embeddable":true,"href":"https:\/\/www.giurgiuveanul.ro\/stiri\/wp-json\/wp\/v2\/categories?post=50691"},{"taxonomy":"post_tag","embeddable":true,"href":"https:\/\/www.giurgiuveanul.ro\/stiri\/wp-json\/wp\/v2\/tags?post=50691"}],"curies":[{"name":"wp","href":"https:\/\/api.w.org\/{rel}","templated":true}]}}