{"id":50706,"date":"2018-03-15T14:39:13","date_gmt":"2018-03-15T12:39:13","guid":{"rendered":"https:\/\/www.giurgiuveanul.ro\/stiri\/?p=50706"},"modified":"2018-03-15T14:39:13","modified_gmt":"2018-03-15T12:39:13","slug":"nu-de-gluma-politistii-giurgiuveni-au-retinut-doi-barbati-care-si-au-agresat-partenerele","status":"publish","type":"post","link":"https:\/\/www.giurgiuveanul.ro\/stiri\/nu-de-gluma-politistii-giurgiuveni-au-retinut-doi-barbati-care-si-au-agresat-partenerele\/","title":{"rendered":"Nu e de glum\u0103. Poli\u021bi\u0219tii giurgiuveni au re\u021binut doi b\u0103rba\u021bi care \u0219i-au agresat partenerele"},"content":{"rendered":"<p style=\"text-align: justify;\"><a href=\"https:\/\/www.giurgiuveanul.ro\/stiri\/wp-content\/uploads\/2018\/03\/IMG_9725.jpg\"><img loading=\"lazy\" decoding=\"async\" class=\"aligncenter size-large wp-image-50707\" src=\"https:\/\/www.giurgiuveanul.ro\/stiri\/wp-content\/uploads\/2018\/03\/IMG_9725-460x450.jpg\" alt=\"IMG_9725\" width=\"460\" height=\"450\" srcset=\"https:\/\/www.giurgiuveanul.ro\/stiri\/wp-content\/uploads\/2018\/03\/IMG_9725-460x450.jpg 460w, https:\/\/www.giurgiuveanul.ro\/stiri\/wp-content\/uploads\/2018\/03\/IMG_9725-250x244.jpg 250w, https:\/\/www.giurgiuveanul.ro\/stiri\/wp-content\/uploads\/2018\/03\/IMG_9725-400x391.jpg 400w, https:\/\/www.giurgiuveanul.ro\/stiri\/wp-content\/uploads\/2018\/03\/IMG_9725.jpg 800w\" sizes=\"auto, (max-width: 460px) 100vw, 460px\" \/><\/a>Cazul de la D\u00e2mbovi\u021ba, c\u00e2nd <!--more-->un b\u0103rbat \u0219i-a \u00eenjunghiat iubita \u00eentr-un coafor, a pus pe jar poli\u021bi\u0219tii. Ace\u0219tia nu mai sunt \u00eeng\u0103duitori cu autorii infrac\u021biunilor de violen\u021b\u0103 \u00een familie, ci merg p\u00e2n\u0103 la re\u021binrea acestora. Doi b\u0103rba\u021bi din jude\u021bul Giurgiu au ajuns dup\u0103 gratii pentru violen\u0163\u0103 \u00een familie, unul dintre ace\u0219tia dup\u0103 ce \u0219i-a atacat so\u021bia cu o furculi\u021b\u0103.<\/p>\n<p style=\"text-align: justify;\">Poli\u021bi\u0219tii giurgiuveni vor s\u0103 combat\u0103 aceast\u0103 infrac\u021biune nu numai prin m\u0103suri preventive, cu \u0219i prin m\u0103suri coercitive, menite s\u0103 \u00eei descurajeze pe cei care comit aceste fapte.<\/p>\n<p style=\"text-align: justify;\">Ast\u0103zi, Inspectoratul Jude\u021bean de Poli\u021bie Giurgiu \u0219i-a lansat priorit\u0103\u021bile de prevenire a criminalit\u0103\u021bii pe 2018, printre acestea afl\u00e2ndu-se \u0219i combaterea violen\u021bei \u00een familie.<\/p>\n<p style=\"text-align: justify;\">Potrivit inspectorului \u015fef al IPJ Giurgiu, comisar <strong>\u015fef C\u0103t\u0103lin \u0162one<\/strong>, poli\u021bi\u0219tii vor organiza \u00eent\u00e2lniri cu victimele, pentru a le informa cu privire la modalit\u0103\u021bile prin care pot ob\u021bine un ordin de restric\u021bie, dar \u0219i cu agresorii, pentru a le expune implica\u021biile faptelor lor.<\/p>\n<p style=\"text-align: justify;\">Totodat\u0103, vor fi organizate caravane \u0219i mar\u0219uri de diminuare a riscurilor acestei infrac\u021biuni.<\/p>\n","protected":false},"excerpt":{"rendered":"<p>Cazul de la D\u00e2mbovi\u021ba, c\u00e2nd<\/p>\n","protected":false},"author":1,"featured_media":0,"comment_status":"open","ping_status":"open","sticky":false,"template":"","format":"standard","meta":{"footnotes":""},"categories":[6],"tags":[],"class_list":["post-50706","post","type-post","status-publish","format-standard","hentry","category-breaking-news"],"_links":{"self":[{"href":"https:\/\/www.giurgiuveanul.ro\/stiri\/wp-json\/wp\/v2\/posts\/50706","targetHints":{"allow":["GET"]}}],"collection":[{"href":"https:\/\/www.giurgiuveanul.ro\/stiri\/wp-json\/wp\/v2\/posts"}],"about":[{"href":"https:\/\/www.giurgiuveanul.ro\/stiri\/wp-json\/wp\/v2\/types\/post"}],"author":[{"embeddable":true,"href":"https:\/\/www.giurgiuveanul.ro\/stiri\/wp-json\/wp\/v2\/users\/1"}],"replies":[{"embeddable":true,"href":"https:\/\/www.giurgiuveanul.ro\/stiri\/wp-json\/wp\/v2\/comments?post=50706"}],"version-history":[{"count":0,"href":"https:\/\/www.giurgiuveanul.ro\/stiri\/wp-json\/wp\/v2\/posts\/50706\/revisions"}],"wp:attachment":[{"href":"https:\/\/www.giurgiuveanul.ro\/stiri\/wp-json\/wp\/v2\/media?parent=50706"}],"wp:term":[{"taxonomy":"category","embeddable":true,"href":"https:\/\/www.giurgiuveanul.ro\/stiri\/wp-json\/wp\/v2\/categories?post=50706"},{"taxonomy":"post_tag","embeddable":true,"href":"https:\/\/www.giurgiuveanul.ro\/stiri\/wp-json\/wp\/v2\/tags?post=50706"}],"curies":[{"name":"wp","href":"https:\/\/api.w.org\/{rel}","templated":true}]}}