{"id":50717,"date":"2018-03-15T18:30:28","date_gmt":"2018-03-15T16:30:28","guid":{"rendered":"https:\/\/www.giurgiuveanul.ro\/stiri\/?p=50717"},"modified":"2018-03-15T18:30:28","modified_gmt":"2018-03-15T16:30:28","slug":"mandat-de-executare-pedepsei-cu-inchisoarea-pus-in-aplicare-de-politisti-3","status":"publish","type":"post","link":"https:\/\/www.giurgiuveanul.ro\/stiri\/mandat-de-executare-pedepsei-cu-inchisoarea-pus-in-aplicare-de-politisti-3\/","title":{"rendered":"Mandat de executare a pedepsei cu \u00eenchisoarea, pus \u00een aplicare de poli\u021bi\u0219ti"},"content":{"rendered":"<p style=\"text-align: justify;\"><strong><a href=\"https:\/\/www.giurgiuveanul.ro\/stiri\/wp-content\/uploads\/2018\/03\/catuse_49135300.jpg\"><img loading=\"lazy\" decoding=\"async\" class=\"aligncenter size-large wp-image-50718\" src=\"https:\/\/www.giurgiuveanul.ro\/stiri\/wp-content\/uploads\/2018\/03\/catuse_49135300-560x314.jpg\" alt=\"catuse_49135300\" width=\"560\" height=\"314\" srcset=\"https:\/\/www.giurgiuveanul.ro\/stiri\/wp-content\/uploads\/2018\/03\/catuse_49135300-560x314.jpg 560w, https:\/\/www.giurgiuveanul.ro\/stiri\/wp-content\/uploads\/2018\/03\/catuse_49135300-250x140.jpg 250w, https:\/\/www.giurgiuveanul.ro\/stiri\/wp-content\/uploads\/2018\/03\/catuse_49135300-400x225.jpg 400w, https:\/\/www.giurgiuveanul.ro\/stiri\/wp-content\/uploads\/2018\/03\/catuse_49135300.jpg 620w\" sizes=\"auto, (max-width: 560px) 100vw, 560px\" \/><\/a>Poli\u021bi\u0219tii din cadrul Serviciului de Investiga\u021bii Criminale<!--more--> au depistat \u0219i re\u021binut un b\u0103rbat, de 27 de ani, din comuna Crevedia Mare.<\/strong><\/p>\n<p style=\"text-align: justify;\">Judec\u0103toria Bolintin Vale a emis pe numele s\u0103u un mandat de executare a unei pedepse privative de libertate, fiind condamnat la doi ani \u0219i zece luni \u00eenchisoare \u00een regim de deten\u021bie, pentru comiterea unor infrac\u021biuni la regimul rutier.<\/p>\n<p style=\"text-align: justify;\">Cel \u00een cauz\u0103 a fost \u00eencarcerat \u00een Penitenciarul Giurgiu, pentru executarea pedepsei la care a fost condamnat.<\/p>\n","protected":false},"excerpt":{"rendered":"<p>Poli\u021bi\u0219tii din cadrul Serviciului de Investiga\u021bii Criminale<\/p>\n","protected":false},"author":1,"featured_media":0,"comment_status":"open","ping_status":"open","sticky":false,"template":"","format":"standard","meta":{"footnotes":""},"categories":[6],"tags":[],"class_list":["post-50717","post","type-post","status-publish","format-standard","hentry","category-breaking-news"],"_links":{"self":[{"href":"https:\/\/www.giurgiuveanul.ro\/stiri\/wp-json\/wp\/v2\/posts\/50717","targetHints":{"allow":["GET"]}}],"collection":[{"href":"https:\/\/www.giurgiuveanul.ro\/stiri\/wp-json\/wp\/v2\/posts"}],"about":[{"href":"https:\/\/www.giurgiuveanul.ro\/stiri\/wp-json\/wp\/v2\/types\/post"}],"author":[{"embeddable":true,"href":"https:\/\/www.giurgiuveanul.ro\/stiri\/wp-json\/wp\/v2\/users\/1"}],"replies":[{"embeddable":true,"href":"https:\/\/www.giurgiuveanul.ro\/stiri\/wp-json\/wp\/v2\/comments?post=50717"}],"version-history":[{"count":0,"href":"https:\/\/www.giurgiuveanul.ro\/stiri\/wp-json\/wp\/v2\/posts\/50717\/revisions"}],"wp:attachment":[{"href":"https:\/\/www.giurgiuveanul.ro\/stiri\/wp-json\/wp\/v2\/media?parent=50717"}],"wp:term":[{"taxonomy":"category","embeddable":true,"href":"https:\/\/www.giurgiuveanul.ro\/stiri\/wp-json\/wp\/v2\/categories?post=50717"},{"taxonomy":"post_tag","embeddable":true,"href":"https:\/\/www.giurgiuveanul.ro\/stiri\/wp-json\/wp\/v2\/tags?post=50717"}],"curies":[{"name":"wp","href":"https:\/\/api.w.org\/{rel}","templated":true}]}}