{"id":50733,"date":"2018-03-16T09:35:04","date_gmt":"2018-03-16T07:35:04","guid":{"rendered":"https:\/\/www.giurgiuveanul.ro\/stiri\/?p=50733"},"modified":"2018-03-16T09:35:04","modified_gmt":"2018-03-16T07:35:04","slug":"prevenirea-criminalitatii-in-atentia-politistilor-giurgiuveni","status":"publish","type":"post","link":"https:\/\/www.giurgiuveanul.ro\/stiri\/prevenirea-criminalitatii-in-atentia-politistilor-giurgiuveni\/","title":{"rendered":"Prevenirea  criminalit\u0103\u021bii,  \u00een aten\u021bia poli\u021bi\u0219tilor giurgiuveni"},"content":{"rendered":"<p style=\"text-align: justify;\"><a href=\"https:\/\/www.giurgiuveanul.ro\/stiri\/wp-content\/uploads\/2018\/03\/IMG_9660.jpg\"><img loading=\"lazy\" decoding=\"async\" class=\"aligncenter size-large wp-image-50735\" src=\"https:\/\/www.giurgiuveanul.ro\/stiri\/wp-content\/uploads\/2018\/03\/IMG_9660-560x371.jpg\" alt=\"IMG_9660\" width=\"560\" height=\"371\" srcset=\"https:\/\/www.giurgiuveanul.ro\/stiri\/wp-content\/uploads\/2018\/03\/IMG_9660-560x371.jpg 560w, https:\/\/www.giurgiuveanul.ro\/stiri\/wp-content\/uploads\/2018\/03\/IMG_9660-250x166.jpg 250w, https:\/\/www.giurgiuveanul.ro\/stiri\/wp-content\/uploads\/2018\/03\/IMG_9660-400x265.jpg 400w, https:\/\/www.giurgiuveanul.ro\/stiri\/wp-content\/uploads\/2018\/03\/IMG_9660.jpg 800w\" sizes=\"auto, (max-width: 560px) 100vw, 560px\" \/><\/a>Recent, la sediul Inspectoratului de Poli\u021bie Jude\u021bean Giurgiu,<!--more--> \u00een prezen\u021ba jurnali\u0219tilor acredita\u021bi \u0219i a persoanelor invitate a avut loc o conferin\u021b\u0103 de pres\u0103, ce a avut ca tem\u0103, \u00a0<strong>\u201eProgramele \u00a0de prevenire a criminalit\u0103\u021bii pe anul 2018\u201d<\/strong><\/p>\n<p style=\"text-align: justify;\">La conferin\u021ba de pres\u0103 a participat \u0218eful Inspectoratului de Poli\u021bie Jude\u021bean Giurgiu, <strong>comisar \u015fef C\u0103t\u0103lin \u0162one<\/strong>,<\/p>\n<p style=\"text-align: justify;\"><a href=\"https:\/\/www.giurgiuveanul.ro\/stiri\/wp-content\/uploads\/2018\/03\/IMG_9672.jpg\"><img loading=\"lazy\" decoding=\"async\" class=\"aligncenter size-large wp-image-50734\" src=\"https:\/\/www.giurgiuveanul.ro\/stiri\/wp-content\/uploads\/2018\/03\/IMG_9672-390x450.jpg\" alt=\"IMG_9672\" width=\"390\" height=\"450\" srcset=\"https:\/\/www.giurgiuveanul.ro\/stiri\/wp-content\/uploads\/2018\/03\/IMG_9672-390x450.jpg 390w, https:\/\/www.giurgiuveanul.ro\/stiri\/wp-content\/uploads\/2018\/03\/IMG_9672-250x288.jpg 250w, https:\/\/www.giurgiuveanul.ro\/stiri\/wp-content\/uploads\/2018\/03\/IMG_9672-400x461.jpg 400w, https:\/\/www.giurgiuveanul.ro\/stiri\/wp-content\/uploads\/2018\/03\/IMG_9672.jpg 694w\" sizes=\"auto, (max-width: 390px) 100vw, 390px\" \/><\/a><\/p>\n<p style=\"text-align: justify;\">care a prezentat principalele programe de prevenire a criminalit\u0103\u021bii \u0219i impactul pe care \u00eel au anumite tipuri de infrac\u021biuni asupra sentimentului de siguran\u021b\u0103 \u00een r\u00e2ndul popula\u021biei .<\/p>\n<p style=\"text-align: justify;\">Poli\u021bi\u0219ti din cadrul Biroului de Analiz\u0103 \u0219i Prevenire a Criminalit\u0103\u021bii \u00a0\u0219i-au propus ca \u00a0\u00een cursul anului 2018 s\u0103 intensifice activit\u0103\u021bile de prevenire, cu preponderen\u021b\u0103 \u00een ce a ce prive\u0219te, delincven\u021ba juvenil\u0103, victimizarea minorilor, a infrac\u021biunilor contra patrimoniului \u0219i violen\u021ba \u00een familie.<\/p>\n<p style=\"text-align: justify;\">Al\u0103turi de poli\u021bi\u0219ti \u00een sal\u0103 au fost prezen\u021bi, reprezentan\u021bi ai autorit\u0103\u021bilor publice locale \u0219i partenerii cu atribu\u021bii \u00een domeniul prevenirii criminalit\u0103\u021bii, care permanent au sprijinit poli\u021bi\u0219tii \u00een activit\u0103\u021bile desf\u0103\u0219urate.<\/p>\n<p style=\"text-align: justify;\"><a href=\"https:\/\/www.giurgiuveanul.ro\/stiri\/wp-content\/uploads\/2018\/03\/IMG_9648.jpg\"><img loading=\"lazy\" decoding=\"async\" class=\"aligncenter size-large wp-image-50736\" src=\"https:\/\/www.giurgiuveanul.ro\/stiri\/wp-content\/uploads\/2018\/03\/IMG_9648-560x319.jpg\" alt=\"IMG_9648\" width=\"560\" height=\"319\" srcset=\"https:\/\/www.giurgiuveanul.ro\/stiri\/wp-content\/uploads\/2018\/03\/IMG_9648-560x319.jpg 560w, https:\/\/www.giurgiuveanul.ro\/stiri\/wp-content\/uploads\/2018\/03\/IMG_9648-250x142.jpg 250w, https:\/\/www.giurgiuveanul.ro\/stiri\/wp-content\/uploads\/2018\/03\/IMG_9648-400x228.jpg 400w, https:\/\/www.giurgiuveanul.ro\/stiri\/wp-content\/uploads\/2018\/03\/IMG_9648.jpg 800w\" sizes=\"auto, (max-width: 560px) 100vw, 560px\" \/><\/a><\/p>\n<p style=\"text-align: justify;\"><a href=\"https:\/\/www.giurgiuveanul.ro\/stiri\/wp-content\/uploads\/2018\/03\/IMG_9632.jpg\"><img loading=\"lazy\" decoding=\"async\" class=\"aligncenter size-large wp-image-50737\" src=\"https:\/\/www.giurgiuveanul.ro\/stiri\/wp-content\/uploads\/2018\/03\/IMG_9632-476x450.jpg\" alt=\"IMG_9632\" width=\"476\" height=\"450\" srcset=\"https:\/\/www.giurgiuveanul.ro\/stiri\/wp-content\/uploads\/2018\/03\/IMG_9632-476x450.jpg 476w, https:\/\/www.giurgiuveanul.ro\/stiri\/wp-content\/uploads\/2018\/03\/IMG_9632-250x236.jpg 250w, https:\/\/www.giurgiuveanul.ro\/stiri\/wp-content\/uploads\/2018\/03\/IMG_9632-400x378.jpg 400w, https:\/\/www.giurgiuveanul.ro\/stiri\/wp-content\/uploads\/2018\/03\/IMG_9632.jpg 847w\" sizes=\"auto, (max-width: 476px) 100vw, 476px\" \/><\/a><\/p>\n<p style=\"text-align: justify;\"><a href=\"https:\/\/www.giurgiuveanul.ro\/stiri\/wp-content\/uploads\/2018\/03\/IMG_9726.jpg\"><img loading=\"lazy\" decoding=\"async\" class=\"aligncenter size-large wp-image-50738\" src=\"https:\/\/www.giurgiuveanul.ro\/stiri\/wp-content\/uploads\/2018\/03\/IMG_9726-560x324.jpg\" alt=\"IMG_9726\" width=\"560\" height=\"324\" srcset=\"https:\/\/www.giurgiuveanul.ro\/stiri\/wp-content\/uploads\/2018\/03\/IMG_9726-560x324.jpg 560w, https:\/\/www.giurgiuveanul.ro\/stiri\/wp-content\/uploads\/2018\/03\/IMG_9726-250x145.jpg 250w, https:\/\/www.giurgiuveanul.ro\/stiri\/wp-content\/uploads\/2018\/03\/IMG_9726-400x232.jpg 400w, https:\/\/www.giurgiuveanul.ro\/stiri\/wp-content\/uploads\/2018\/03\/IMG_9726.jpg 800w\" sizes=\"auto, (max-width: 560px) 100vw, 560px\" \/><\/a><\/p>\n","protected":false},"excerpt":{"rendered":"<p>Recent, la sediul Inspectoratului de Poli\u021bie Jude\u021bean Giurgiu,<\/p>\n","protected":false},"author":1,"featured_media":0,"comment_status":"open","ping_status":"open","sticky":false,"template":"","format":"standard","meta":{"footnotes":""},"categories":[6],"tags":[],"class_list":["post-50733","post","type-post","status-publish","format-standard","hentry","category-breaking-news"],"_links":{"self":[{"href":"https:\/\/www.giurgiuveanul.ro\/stiri\/wp-json\/wp\/v2\/posts\/50733","targetHints":{"allow":["GET"]}}],"collection":[{"href":"https:\/\/www.giurgiuveanul.ro\/stiri\/wp-json\/wp\/v2\/posts"}],"about":[{"href":"https:\/\/www.giurgiuveanul.ro\/stiri\/wp-json\/wp\/v2\/types\/post"}],"author":[{"embeddable":true,"href":"https:\/\/www.giurgiuveanul.ro\/stiri\/wp-json\/wp\/v2\/users\/1"}],"replies":[{"embeddable":true,"href":"https:\/\/www.giurgiuveanul.ro\/stiri\/wp-json\/wp\/v2\/comments?post=50733"}],"version-history":[{"count":0,"href":"https:\/\/www.giurgiuveanul.ro\/stiri\/wp-json\/wp\/v2\/posts\/50733\/revisions"}],"wp:attachment":[{"href":"https:\/\/www.giurgiuveanul.ro\/stiri\/wp-json\/wp\/v2\/media?parent=50733"}],"wp:term":[{"taxonomy":"category","embeddable":true,"href":"https:\/\/www.giurgiuveanul.ro\/stiri\/wp-json\/wp\/v2\/categories?post=50733"},{"taxonomy":"post_tag","embeddable":true,"href":"https:\/\/www.giurgiuveanul.ro\/stiri\/wp-json\/wp\/v2\/tags?post=50733"}],"curies":[{"name":"wp","href":"https:\/\/api.w.org\/{rel}","templated":true}]}}