{"id":50749,"date":"2018-03-16T17:02:21","date_gmt":"2018-03-16T15:02:21","guid":{"rendered":"https:\/\/www.giurgiuveanul.ro\/stiri\/?p=50749"},"modified":"2018-03-16T17:02:21","modified_gmt":"2018-03-16T15:02:21","slug":"noua-provocare-lansata-de-teatrul-tudor-vianu-hai-sa-ne-vorbim-sambata-seara","status":"publish","type":"post","link":"https:\/\/www.giurgiuveanul.ro\/stiri\/noua-provocare-lansata-de-teatrul-tudor-vianu-hai-sa-ne-vorbim-sambata-seara\/","title":{"rendered":"O nou\u0103 provocare lansat\u0103 de Teatrul &#8222;Tudor Vianu&#8221;: \u201eHAI S\u0102 NE VORBIM S\u00c2MB\u0102T\u0102 SEAR\u0102\u201d!"},"content":{"rendered":"<p><a href=\"https:\/\/www.giurgiuveanul.ro\/stiri\/wp-content\/uploads\/2018\/03\/IMG_9200.jpg\"><img loading=\"lazy\" decoding=\"async\" class=\"aligncenter size-large wp-image-50750\" src=\"https:\/\/www.giurgiuveanul.ro\/stiri\/wp-content\/uploads\/2018\/03\/IMG_9200-556x450.jpg\" alt=\"IMG_9200\" width=\"556\" height=\"450\" srcset=\"https:\/\/www.giurgiuveanul.ro\/stiri\/wp-content\/uploads\/2018\/03\/IMG_9200-556x450.jpg 556w, https:\/\/www.giurgiuveanul.ro\/stiri\/wp-content\/uploads\/2018\/03\/IMG_9200-250x202.jpg 250w, https:\/\/www.giurgiuveanul.ro\/stiri\/wp-content\/uploads\/2018\/03\/IMG_9200-400x324.jpg 400w, https:\/\/www.giurgiuveanul.ro\/stiri\/wp-content\/uploads\/2018\/03\/IMG_9200.jpg 800w\" sizes=\"auto, (max-width: 556px) 100vw, 556px\" \/><\/a>HAI <!--more-->S\u0102 NE VORBIM S\u00c2MB\u0102T\u0102 SEARA este un nou proiect al Teatrului &#8222;Tudor Vianu&#8221;. Vor fi \u00eent\u00e2lniri &#8211; dezbatere pe care le vom g\u0103zdui \u00een Sala Atelier a teatrului \u0219i \u00een care voci autorizate ale ora\u0219ului vor discuta \u0219i analiza teme de actualitate \u0219i interes, intr\u00e2nd \u00een acela\u0219i timp \u00een dialog cu publicul.<\/p>\n<p>Prima astfel de \u00eent\u00e2lnire &#8211; s\u00e2mb\u0103t\u0103 17 martie, de la ora 18:00, c\u00e2nd vom discuta despre provincie, provincialism \u0219i sentimentul de vasalitate pe care ora\u0219ul nostru \u00eel manifest\u0103 ades \u00een raport cu Capitala. Invita\u021bi speciali la aceast\u0103 prim\u0103 \u00eent\u00e2lnire (la care publicul are acces liber) vor fi profesorul Gheorghe Velicu, preotul paroh Georgian Tudor \u0219i psihologul Ionu\u021b Mog\u00e2ldea.<\/p>\n<p>V\u0103 a\u0219tept\u0103m a\u0219adar s\u00e2mb\u0103ta, ca s\u0103&#8230; VORBIM!<\/p>\n","protected":false},"excerpt":{"rendered":"<p>HAI<\/p>\n","protected":false},"author":1,"featured_media":0,"comment_status":"open","ping_status":"open","sticky":false,"template":"","format":"standard","meta":{"footnotes":""},"categories":[6],"tags":[],"class_list":["post-50749","post","type-post","status-publish","format-standard","hentry","category-breaking-news"],"_links":{"self":[{"href":"https:\/\/www.giurgiuveanul.ro\/stiri\/wp-json\/wp\/v2\/posts\/50749","targetHints":{"allow":["GET"]}}],"collection":[{"href":"https:\/\/www.giurgiuveanul.ro\/stiri\/wp-json\/wp\/v2\/posts"}],"about":[{"href":"https:\/\/www.giurgiuveanul.ro\/stiri\/wp-json\/wp\/v2\/types\/post"}],"author":[{"embeddable":true,"href":"https:\/\/www.giurgiuveanul.ro\/stiri\/wp-json\/wp\/v2\/users\/1"}],"replies":[{"embeddable":true,"href":"https:\/\/www.giurgiuveanul.ro\/stiri\/wp-json\/wp\/v2\/comments?post=50749"}],"version-history":[{"count":0,"href":"https:\/\/www.giurgiuveanul.ro\/stiri\/wp-json\/wp\/v2\/posts\/50749\/revisions"}],"wp:attachment":[{"href":"https:\/\/www.giurgiuveanul.ro\/stiri\/wp-json\/wp\/v2\/media?parent=50749"}],"wp:term":[{"taxonomy":"category","embeddable":true,"href":"https:\/\/www.giurgiuveanul.ro\/stiri\/wp-json\/wp\/v2\/categories?post=50749"},{"taxonomy":"post_tag","embeddable":true,"href":"https:\/\/www.giurgiuveanul.ro\/stiri\/wp-json\/wp\/v2\/tags?post=50749"}],"curies":[{"name":"wp","href":"https:\/\/api.w.org\/{rel}","templated":true}]}}