{"id":50752,"date":"2018-03-16T17:14:01","date_gmt":"2018-03-16T15:14:01","guid":{"rendered":"https:\/\/www.giurgiuveanul.ro\/stiri\/?p=50752"},"modified":"2018-03-16T17:14:01","modified_gmt":"2018-03-16T15:14:01","slug":"tanar-giurgiuvean-prins-la-furat-in-magazin","status":"publish","type":"post","link":"https:\/\/www.giurgiuveanul.ro\/stiri\/tanar-giurgiuvean-prins-la-furat-in-magazin\/","title":{"rendered":"T\u00e2n\u0103r giurgiuvean, prins la furat \u00een magazin!"},"content":{"rendered":"<p style=\"text-align: justify;\"><a href=\"https:\/\/www.giurgiuveanul.ro\/stiri\/wp-content\/uploads\/2018\/03\/ruba-merendine-2.jpg\"><img loading=\"lazy\" decoding=\"async\" class=\"aligncenter size-large wp-image-50753\" src=\"https:\/\/www.giurgiuveanul.ro\/stiri\/wp-content\/uploads\/2018\/03\/ruba-merendine-2-560x372.jpg\" alt=\"ruba merendine-2\" width=\"560\" height=\"372\" srcset=\"https:\/\/www.giurgiuveanul.ro\/stiri\/wp-content\/uploads\/2018\/03\/ruba-merendine-2-560x372.jpg 560w, https:\/\/www.giurgiuveanul.ro\/stiri\/wp-content\/uploads\/2018\/03\/ruba-merendine-2-250x166.jpg 250w, https:\/\/www.giurgiuveanul.ro\/stiri\/wp-content\/uploads\/2018\/03\/ruba-merendine-2-400x266.jpg 400w, https:\/\/www.giurgiuveanul.ro\/stiri\/wp-content\/uploads\/2018\/03\/ruba-merendine-2.jpg 1000w\" sizes=\"auto, (max-width: 560px) 100vw, 560px\" \/><\/a>Un t\u00e2n\u0103r, de 28 ani,<!--more--> este cercetat de poli\u021bi\u0219ti dup\u0103 ce a fost prins \u00een flagrant sustr\u0103g\u00e2nd mai multe bunuri alimentare dintr-o societate comercial\u0103.<\/p>\n<p style=\"text-align: justify;\">Poli\u021bi\u0219tii Biroului Ordine Public\u0103 pentru Mediul Urban de la Poli\u021bia Municipiului Giurgiu efectueaz\u0103 cercet\u0103ri fa\u021b\u0103 de un t\u00e2n\u0103r de 28 ani, din municipiul Giurgiu, care a fost surprins vineri, 2 martie a.c., \u00een timp ce sustr\u0103gea mai multe bunuri alimentare \u0219i nealimentare din incinta magazinului unei societ\u0103\u021bii comerciale.<\/p>\n<p style=\"text-align: justify;\">Prejudiciul cauzat, \u00een valoare de 105,60 lei, a fost recuperat \u00een totalitate \u0219i predat reprezentantului societ\u0103\u021bii comerciale.<\/p>\n<p style=\"text-align: justify;\">Poli\u021bi\u0219tii au \u00eentocmit \u00een cauz\u0103 un dosar penal \u00een care continu\u0103 cercet\u0103rile sub aspectul s\u0103v\u00e2r\u0219irii infrac\u021biunii de furt .<\/p>\n","protected":false},"excerpt":{"rendered":"<p>Un t\u00e2n\u0103r, de 28 ani,<\/p>\n","protected":false},"author":1,"featured_media":0,"comment_status":"open","ping_status":"open","sticky":false,"template":"","format":"standard","meta":{"footnotes":""},"categories":[6],"tags":[],"class_list":["post-50752","post","type-post","status-publish","format-standard","hentry","category-breaking-news"],"_links":{"self":[{"href":"https:\/\/www.giurgiuveanul.ro\/stiri\/wp-json\/wp\/v2\/posts\/50752","targetHints":{"allow":["GET"]}}],"collection":[{"href":"https:\/\/www.giurgiuveanul.ro\/stiri\/wp-json\/wp\/v2\/posts"}],"about":[{"href":"https:\/\/www.giurgiuveanul.ro\/stiri\/wp-json\/wp\/v2\/types\/post"}],"author":[{"embeddable":true,"href":"https:\/\/www.giurgiuveanul.ro\/stiri\/wp-json\/wp\/v2\/users\/1"}],"replies":[{"embeddable":true,"href":"https:\/\/www.giurgiuveanul.ro\/stiri\/wp-json\/wp\/v2\/comments?post=50752"}],"version-history":[{"count":0,"href":"https:\/\/www.giurgiuveanul.ro\/stiri\/wp-json\/wp\/v2\/posts\/50752\/revisions"}],"wp:attachment":[{"href":"https:\/\/www.giurgiuveanul.ro\/stiri\/wp-json\/wp\/v2\/media?parent=50752"}],"wp:term":[{"taxonomy":"category","embeddable":true,"href":"https:\/\/www.giurgiuveanul.ro\/stiri\/wp-json\/wp\/v2\/categories?post=50752"},{"taxonomy":"post_tag","embeddable":true,"href":"https:\/\/www.giurgiuveanul.ro\/stiri\/wp-json\/wp\/v2\/tags?post=50752"}],"curies":[{"name":"wp","href":"https:\/\/api.w.org\/{rel}","templated":true}]}}