{"id":50765,"date":"2018-03-17T12:06:10","date_gmt":"2018-03-17T10:06:10","guid":{"rendered":"https:\/\/www.giurgiuveanul.ro\/stiri\/?p=50765"},"modified":"2018-03-17T12:06:10","modified_gmt":"2018-03-17T10:06:10","slug":"pasi-in-istorie","status":"publish","type":"post","link":"https:\/\/www.giurgiuveanul.ro\/stiri\/pasi-in-istorie\/","title":{"rendered":"PA\u015eI \u00ceN ISTORIE&#8230;"},"content":{"rendered":"<p style=\"text-align: center;\"><strong><a href=\"https:\/\/www.giurgiuveanul.ro\/stiri\/wp-content\/uploads\/2018\/03\/Neintitulat.jpg\"><img loading=\"lazy\" decoding=\"async\" class=\"aligncenter size-large wp-image-50766\" src=\"https:\/\/www.giurgiuveanul.ro\/stiri\/wp-content\/uploads\/2018\/03\/Neintitulat-560x420.jpg\" alt=\"Neintitulat\" width=\"560\" height=\"420\" srcset=\"https:\/\/www.giurgiuveanul.ro\/stiri\/wp-content\/uploads\/2018\/03\/Neintitulat-560x420.jpg 560w, https:\/\/www.giurgiuveanul.ro\/stiri\/wp-content\/uploads\/2018\/03\/Neintitulat-250x188.jpg 250w, https:\/\/www.giurgiuveanul.ro\/stiri\/wp-content\/uploads\/2018\/03\/Neintitulat-400x300.jpg 400w, https:\/\/www.giurgiuveanul.ro\/stiri\/wp-content\/uploads\/2018\/03\/Neintitulat.jpg 800w\" sizes=\"auto, (max-width: 560px) 100vw, 560px\" \/><\/a>\u00eensemn\u0103ri<\/strong><!--more--><\/p>\n<p style=\"text-align: justify;\">*Alex, de doar trei ani, m\u0103sur\u00e2nd cu pasul de copil ceea ce ar mai fi de f\u0103cut<\/p>\n<p style=\"text-align: justify;\">*Hai s\u0103-ntindem hora mare, mai aici \u015fi mai colea, \/ Mai aproape de hotare, ca s\u0103 trecem grani\u0163a.<strong>\u00a0<\/strong><br \/>\nMai aproape de hotare, p\u00e2n\u0103-n Basarabia&#8230;, versuri dintr-un c\u00e2ntec al lui Nicolae Furdui Iancu. M-am \u00eentrebat de ce un asemenea c\u00e2ntec a ap\u0103rut \u00een glasul unui mo\u0163? S\u0103 se fi g\u00e2ndit la avertismentul lui Avr\u0103mu\u0163- <em>Dac\u0103 nu punem pumnul \u00a0\u00een pieptul furtunii, pierim! <\/em><\/p>\n<p style=\"text-align: justify;\">S\u0103 fi \u015ftiut c\u0103 Mihai Eminescu, la 1878, afirma testamentar c\u0103\u00a0<strong><em>BASARABIA este p\u0103m\u00e2nt rom\u00e2nesc<\/em><\/strong> \u015fi c\u0103 <em>\u00a0<strong>este misiunea noastr\u0103 istoric\u0103?<\/strong><\/em><\/p>\n<p style=\"text-align: justify;\">Nou\u0103 s\u0103 nu ne fie indiferent modul \u00een care se scrie istoria timpului pe care \u00eel tr\u0103im!<\/p>\n<p style=\"text-align: justify;\">* Poetul Grigore Vieru, vorbind de Podurile de Flori organizate \u00een 1990 \u015fi 1991, la ini\u0163iativa academicianului Victor Cr\u0103ciun, spunea\u00a0:<em>Era o tensiune emo\u021bional\u0103 de nedescris. Oamenii se strigau pe nume unii pe al\u021bii \u0219i se reg\u0103seau dup\u0103 ani \u0219i ani,<\/em><\/p>\n<p style=\"text-align: justify;\"><strong>* Uniunea Scriitorilor din Moldova, care a ini\u021biat Mi\u0219carea de Eliberare Na\u021bional\u0103 \u00een anii <\/strong><strong>\u055a<\/strong><strong>80 ai secolului trecut, salut\u0103 \u0219i ader\u0103 la declara\u021biile de reunire semnate de consiliile locale, or\u0103\u0219ene\u0219ti \u0219i raionale din mai multe localit\u0103\u021bi, care sunt \u00een consens cu Declara\u021bia de Reunificare a Republicii Moldova cu Rom\u00e2nia din data de 28 octombrie 2015 a Uniunii Scriitorilor.\u00a0 Chi\u0219in\u0103u, 12 martie 2018\u201d<\/strong><\/p>\n<p style=\"text-align: justify;\"><strong>*Urm\u0103rind obiectivul UNIFIC\u0102RII, acest grup de lucru s-ar concentra pe urm\u0103toarele direc\u021bii:<\/strong><\/p>\n<ul style=\"text-align: justify;\">\n<li><strong> Consult\u0103ri cu partenerii externi, europeni \u0219i americani;<\/strong><\/li>\n<li><strong> Ini\u021bierea \u0219i realizarea unor proiecte rom\u00e2no-europene \u00eentre Moldova, Rom\u00e2nia \u0219i UE;\u00a0<\/strong><\/li>\n<li><strong> Sincronizarea celor dou\u0103 state sub aspect juridic, economic, administrativ \u0219i cultural-educativ;<\/strong><\/li>\n<li><strong> Explicarea beneficiilor reunific\u0103rii pentru etniile din Republica Moldova.<\/strong><\/li>\n<\/ul>\n<p style=\"text-align: justify;\"><strong>*<\/strong> Afl\u0103m din relatarea profesorului academician \u00a0Victor Cr\u0103ciun, \u015fi asta la un sfert de veac de la desf\u0103\u015furarea evenimentului , c\u0103, \u00eempreun\u0103 cu academicianul Alexandru B\u00e2rl\u0103deanu, au trecut conspirativ Prutul pentru\u00a0 a ob\u0163ine de la Mircea Snegur, pre\u015fedintele Republicii Moldova atunci,\u00a0 acordul\u00a0 revenirii Republicii Moldova la patria mum\u0103, Mircea Snegur urm\u00e2nd a deveni guvernator.<\/p>\n<p style=\"text-align: justify;\">Ceea ce s-a ob\u0163inut atunci de la Mircea Snegur nu s-a mai putut ob\u0163ine , de necrezut, de la pre\u015fedintele Rom\u00e2niei ! Motivul: Constitu\u0163ia Rom\u00e2niei nu ar fi prev\u0103zut \u00eenalta demnitate de guvernator!!! O \u015fans\u0103 istoric\u0103 a fost ratat\u0103\u2026<\/p>\n<p style=\"text-align: justify;\">* <strong>106 primari, viceprimari sau consilieri din localit\u0103\u021bile din Moldova, care au semnat Declara\u021bii de Unire cu Rom\u00e2nia s-au \u00eent\u00e2lnit s\u00e2mb\u0103t\u0103, 10 martie 2018, \u00a0la Ia\u0219i pentru a semna un memorandum pro-unire.\u00a0 A fost constituit\u0103 Liga Ale\u0219ilor Locali Unioni\u0219ti \u0219i a fost votat\u0103 \u0219i rezolu\u021bia prin care se solicit\u0103 ca unirea Republicii Moldova cu Rom\u00e2nia s\u0103 devin\u0103 proiect de \u021bar\u0103.<\/strong><\/p>\n<p style=\"text-align: justify;\"><strong>\u00a0<\/strong><\/p>\n<p style=\"text-align: justify;\"><strong>*Prutule, ad\u00e2nc\u0103 ran\u0103, \/ Peste \u0162ara cea \u015etefan\u0103, \/ Tu despar\u0163i ca un du\u015fman, Moldovean de Moldovean, \/ Grai de grai de la o mam\u0103, \/ \u015ei n\u0103fram\u0103 de n\u0103fram\u0103, \/ Unde&#8217;i pl\u00e2ns sub cer \u00eenalt, \/ \u015ei pe-un mal, \u015fi pe cel&#8217; lalt<\/strong> . <strong>Doina Prutului, de George Bu<\/strong><strong>znea, 1940<\/strong><\/p>\n<p style=\"text-align: justify;\"><strong>\u00a0<\/strong><\/p>\n<p style=\"text-align: justify;\"><strong>*Parafraz\u0103:<\/strong><\/p>\n<p style=\"text-align: justify;\"><strong>Re\u00eentregirea<\/strong><strong>:Un pas mic pentru istorie, un salt uria\u015f pentru Rom\u00e2nia.<\/strong><\/p>\n<p style=\"text-align: justify;\"><strong>Gh.C.Br.<\/strong><\/p>\n","protected":false},"excerpt":{"rendered":"<p>\u00eensemn\u0103ri<\/p>\n","protected":false},"author":1,"featured_media":0,"comment_status":"open","ping_status":"open","sticky":false,"template":"","format":"standard","meta":{"footnotes":""},"categories":[21],"tags":[],"class_list":["post-50765","post","type-post","status-publish","format-standard","hentry","category-opinia-mea"],"_links":{"self":[{"href":"https:\/\/www.giurgiuveanul.ro\/stiri\/wp-json\/wp\/v2\/posts\/50765","targetHints":{"allow":["GET"]}}],"collection":[{"href":"https:\/\/www.giurgiuveanul.ro\/stiri\/wp-json\/wp\/v2\/posts"}],"about":[{"href":"https:\/\/www.giurgiuveanul.ro\/stiri\/wp-json\/wp\/v2\/types\/post"}],"author":[{"embeddable":true,"href":"https:\/\/www.giurgiuveanul.ro\/stiri\/wp-json\/wp\/v2\/users\/1"}],"replies":[{"embeddable":true,"href":"https:\/\/www.giurgiuveanul.ro\/stiri\/wp-json\/wp\/v2\/comments?post=50765"}],"version-history":[{"count":0,"href":"https:\/\/www.giurgiuveanul.ro\/stiri\/wp-json\/wp\/v2\/posts\/50765\/revisions"}],"wp:attachment":[{"href":"https:\/\/www.giurgiuveanul.ro\/stiri\/wp-json\/wp\/v2\/media?parent=50765"}],"wp:term":[{"taxonomy":"category","embeddable":true,"href":"https:\/\/www.giurgiuveanul.ro\/stiri\/wp-json\/wp\/v2\/categories?post=50765"},{"taxonomy":"post_tag","embeddable":true,"href":"https:\/\/www.giurgiuveanul.ro\/stiri\/wp-json\/wp\/v2\/tags?post=50765"}],"curies":[{"name":"wp","href":"https:\/\/api.w.org\/{rel}","templated":true}]}}