{"id":50768,"date":"2018-03-17T13:12:47","date_gmt":"2018-03-17T11:12:47","guid":{"rendered":"https:\/\/www.giurgiuveanul.ro\/stiri\/?p=50768"},"modified":"2018-03-17T13:20:58","modified_gmt":"2018-03-17T11:20:58","slug":"astazi-s-a-dat-examen-la-ipj-giurgiu-pentru-incadrare-din-sursa-externa-cati-candidati-s-au-inscris","status":"publish","type":"post","link":"https:\/\/www.giurgiuveanul.ro\/stiri\/astazi-s-a-dat-examen-la-ipj-giurgiu-pentru-incadrare-din-sursa-externa-cati-candidati-s-au-inscris\/","title":{"rendered":"Ast\u0103zi s-a dat examen pentru \u00eencadrare din surs\u0103 extern\u0103, la IPJ Giurgiu! C\u00e2\u0163i candida\u0163i s-au \u00eenscris"},"content":{"rendered":"<p style=\"text-align: justify;\"><a href=\"https:\/\/www.giurgiuveanul.ro\/stiri\/wp-content\/uploads\/2018\/03\/IMG_0451.jpg\"><img loading=\"lazy\" decoding=\"async\" class=\"aligncenter size-large wp-image-50770\" src=\"https:\/\/www.giurgiuveanul.ro\/stiri\/wp-content\/uploads\/2018\/03\/IMG_0451-560x424.jpg\" alt=\"IMG_0451\" width=\"560\" height=\"424\" srcset=\"https:\/\/www.giurgiuveanul.ro\/stiri\/wp-content\/uploads\/2018\/03\/IMG_0451-560x424.jpg 560w, https:\/\/www.giurgiuveanul.ro\/stiri\/wp-content\/uploads\/2018\/03\/IMG_0451-250x189.jpg 250w, https:\/\/www.giurgiuveanul.ro\/stiri\/wp-content\/uploads\/2018\/03\/IMG_0451-400x303.jpg 400w, https:\/\/www.giurgiuveanul.ro\/stiri\/wp-content\/uploads\/2018\/03\/IMG_0451.jpg 800w\" sizes=\"auto, (max-width: 560px) 100vw, 560px\" \/><\/a>A\u015fa dup\u0103 cum v-am mai informat, <!--more-->s-a dat startul re\u00eencadr\u0103rilor de personal \u015fi angaj\u0103rilor din surs\u0103 extern\u0103, \u00een vederea complet\u0103rii deficitului de personal existent la nivelul Poli\u0163iei Rom\u00e2ne.<\/p>\n<p style=\"text-align: justify;\">Inspectoratului de Poli\u0163ie Jude\u0163ean Giurgiu i-au fost repartizate <strong>\u015fase posturi<\/strong> pentru \u00eencadrare din surs\u0103 extern\u0103.<\/p>\n<p style=\"text-align: justify;\">Astfel, persoanele care doresc s\u0103 devin\u0103 ofi\u0163eri sau agen\u0163i de poli\u0163ie s-au \u00eenscris la concursul organizat p\u00e2n\u0103 pe 19 ianuarie, examenul fiind sus\u0163inut, ast\u0103zi, 17 martie.<\/p>\n<p style=\"text-align: justify;\">Pentru aceste postrui se \u201cbat\u201d <strong>39 de candida\u0163i<\/strong>.<\/p>\n<p style=\"text-align: justify;\">Din totalul celor \u015fase posturi destinate \u00eencadr\u0103rii directe, <strong>dou\u0103 sunt de ofi\u0163er<\/strong> \u00een cadrul structurilor economic \u015fi comunica\u0163ii \u015fi informatic\u0103, iar <strong>patru sunt de agent<\/strong> \u00een cadrul structurilor de logistic\u0103, comunica\u0163ii \u015fi informatic\u0103, financiar-contabilitate, dar \u015fi unul pe re\u00eencadrare, la ordine public\u0103.<\/p>\n<p style=\"text-align: justify;\"><a href=\"https:\/\/www.giurgiuveanul.ro\/stiri\/wp-content\/uploads\/2018\/03\/IMG_0461.jpg\"><img loading=\"lazy\" decoding=\"async\" class=\"aligncenter size-large wp-image-50769\" src=\"https:\/\/www.giurgiuveanul.ro\/stiri\/wp-content\/uploads\/2018\/03\/IMG_0461-428x450.jpg\" alt=\"IMG_0461\" width=\"428\" height=\"450\" srcset=\"https:\/\/www.giurgiuveanul.ro\/stiri\/wp-content\/uploads\/2018\/03\/IMG_0461-428x450.jpg 428w, https:\/\/www.giurgiuveanul.ro\/stiri\/wp-content\/uploads\/2018\/03\/IMG_0461-250x263.jpg 250w, https:\/\/www.giurgiuveanul.ro\/stiri\/wp-content\/uploads\/2018\/03\/IMG_0461-400x421.jpg 400w, https:\/\/www.giurgiuveanul.ro\/stiri\/wp-content\/uploads\/2018\/03\/IMG_0461.jpg 760w\" sizes=\"auto, (max-width: 428px) 100vw, 428px\" \/><\/a><\/p>\n<p style=\"text-align: justify;\">Examenul s-a sus\u0163inut la sediul Poli\u0163iei Municipiului Giurgiu, cu respectarea tuturor regulilor impuse, fiind supraveghat \u00eendeaproape de inspectorul \u015fef al IPJ Giurgiu, <strong>comisar \u015fef C\u0103t\u0103lin \u0162one<\/strong>.<\/p>\n<p style=\"text-align: justify;\"><em>Le dorim succes candida\u0163ilor!<\/em><\/p>\n<p style=\"text-align: justify;\">Vom reveni cu am\u0103nunte.<\/p>\n<p style=\"text-align: justify;\"><a href=\"https:\/\/www.giurgiuveanul.ro\/stiri\/wp-content\/uploads\/2018\/03\/IMG_0431.jpg\"><img loading=\"lazy\" decoding=\"async\" class=\"aligncenter size-large wp-image-50771\" src=\"https:\/\/www.giurgiuveanul.ro\/stiri\/wp-content\/uploads\/2018\/03\/IMG_0431-326x450.jpg\" alt=\"IMG_0431\" width=\"326\" height=\"450\" srcset=\"https:\/\/www.giurgiuveanul.ro\/stiri\/wp-content\/uploads\/2018\/03\/IMG_0431-326x450.jpg 326w, https:\/\/www.giurgiuveanul.ro\/stiri\/wp-content\/uploads\/2018\/03\/IMG_0431-217x300.jpg 217w, https:\/\/www.giurgiuveanul.ro\/stiri\/wp-content\/uploads\/2018\/03\/IMG_0431-400x553.jpg 400w, https:\/\/www.giurgiuveanul.ro\/stiri\/wp-content\/uploads\/2018\/03\/IMG_0431.jpg 579w\" sizes=\"auto, (max-width: 326px) 100vw, 326px\" \/><\/a><\/p>\n<p style=\"text-align: justify;\"><a href=\"https:\/\/www.giurgiuveanul.ro\/stiri\/wp-content\/uploads\/2018\/03\/IMG_0436.jpg\"><img loading=\"lazy\" decoding=\"async\" class=\"aligncenter size-large wp-image-50772\" src=\"https:\/\/www.giurgiuveanul.ro\/stiri\/wp-content\/uploads\/2018\/03\/IMG_0436-289x450.jpg\" alt=\"IMG_0436\" width=\"289\" height=\"450\" srcset=\"https:\/\/www.giurgiuveanul.ro\/stiri\/wp-content\/uploads\/2018\/03\/IMG_0436-289x450.jpg 289w, https:\/\/www.giurgiuveanul.ro\/stiri\/wp-content\/uploads\/2018\/03\/IMG_0436-193x300.jpg 193w, https:\/\/www.giurgiuveanul.ro\/stiri\/wp-content\/uploads\/2018\/03\/IMG_0436-386x600.jpg 386w, https:\/\/www.giurgiuveanul.ro\/stiri\/wp-content\/uploads\/2018\/03\/IMG_0436.jpg 514w\" sizes=\"auto, (max-width: 289px) 100vw, 289px\" \/><\/a><\/p>\n<p style=\"text-align: justify;\"><a href=\"https:\/\/www.giurgiuveanul.ro\/stiri\/wp-content\/uploads\/2018\/03\/IMG_0445.jpg\"><img loading=\"lazy\" decoding=\"async\" class=\"aligncenter size-large wp-image-50773\" src=\"https:\/\/www.giurgiuveanul.ro\/stiri\/wp-content\/uploads\/2018\/03\/IMG_0445-560x377.jpg\" alt=\"IMG_0445\" width=\"560\" height=\"377\" srcset=\"https:\/\/www.giurgiuveanul.ro\/stiri\/wp-content\/uploads\/2018\/03\/IMG_0445-560x377.jpg 560w, https:\/\/www.giurgiuveanul.ro\/stiri\/wp-content\/uploads\/2018\/03\/IMG_0445-250x168.jpg 250w, https:\/\/www.giurgiuveanul.ro\/stiri\/wp-content\/uploads\/2018\/03\/IMG_0445-400x269.jpg 400w, https:\/\/www.giurgiuveanul.ro\/stiri\/wp-content\/uploads\/2018\/03\/IMG_0445.jpg 800w\" sizes=\"auto, (max-width: 560px) 100vw, 560px\" \/><\/a><\/p>\n","protected":false},"excerpt":{"rendered":"<p>A\u015fa dup\u0103 cum v-am mai informat,<\/p>\n","protected":false},"author":1,"featured_media":0,"comment_status":"open","ping_status":"open","sticky":false,"template":"","format":"standard","meta":{"footnotes":""},"categories":[6],"tags":[],"class_list":["post-50768","post","type-post","status-publish","format-standard","hentry","category-breaking-news"],"_links":{"self":[{"href":"https:\/\/www.giurgiuveanul.ro\/stiri\/wp-json\/wp\/v2\/posts\/50768","targetHints":{"allow":["GET"]}}],"collection":[{"href":"https:\/\/www.giurgiuveanul.ro\/stiri\/wp-json\/wp\/v2\/posts"}],"about":[{"href":"https:\/\/www.giurgiuveanul.ro\/stiri\/wp-json\/wp\/v2\/types\/post"}],"author":[{"embeddable":true,"href":"https:\/\/www.giurgiuveanul.ro\/stiri\/wp-json\/wp\/v2\/users\/1"}],"replies":[{"embeddable":true,"href":"https:\/\/www.giurgiuveanul.ro\/stiri\/wp-json\/wp\/v2\/comments?post=50768"}],"version-history":[{"count":0,"href":"https:\/\/www.giurgiuveanul.ro\/stiri\/wp-json\/wp\/v2\/posts\/50768\/revisions"}],"wp:attachment":[{"href":"https:\/\/www.giurgiuveanul.ro\/stiri\/wp-json\/wp\/v2\/media?parent=50768"}],"wp:term":[{"taxonomy":"category","embeddable":true,"href":"https:\/\/www.giurgiuveanul.ro\/stiri\/wp-json\/wp\/v2\/categories?post=50768"},{"taxonomy":"post_tag","embeddable":true,"href":"https:\/\/www.giurgiuveanul.ro\/stiri\/wp-json\/wp\/v2\/tags?post=50768"}],"curies":[{"name":"wp","href":"https:\/\/api.w.org\/{rel}","templated":true}]}}