{"id":50783,"date":"2018-03-17T15:39:30","date_gmt":"2018-03-17T13:39:30","guid":{"rendered":"https:\/\/www.giurgiuveanul.ro\/stiri\/?p=50783"},"modified":"2018-03-17T15:51:26","modified_gmt":"2018-03-17T13:51:26","slug":"ultima-ora-informatii-de-la-comitetul-judetean-pentru-situatii-de-urgenta-giurgiu","status":"publish","type":"post","link":"https:\/\/www.giurgiuveanul.ro\/stiri\/ultima-ora-informatii-de-la-comitetul-judetean-pentru-situatii-de-urgenta-giurgiu\/","title":{"rendered":"ULTIMA OR\u0102! Informa\u0163ii de la Comitetul Jude\u0163ean pentru Situa\u0163ii de Urgen\u0163\u0103 Giurgiu!"},"content":{"rendered":"<p class=\"r\"><span style=\"color: #000000;\"><a href=\"https:\/\/www.giurgiuveanul.ro\/stiri\/wp-content\/uploads\/2018\/03\/29214515_2094188270812883_1884757397537292288_n.jpg\"><img loading=\"lazy\" decoding=\"async\" class=\"aligncenter size-large wp-image-50784\" src=\"https:\/\/www.giurgiuveanul.ro\/stiri\/wp-content\/uploads\/2018\/03\/29214515_2094188270812883_1884757397537292288_n-560x401.jpg\" alt=\"29214515_2094188270812883_1884757397537292288_n\" width=\"560\" height=\"401\" srcset=\"https:\/\/www.giurgiuveanul.ro\/stiri\/wp-content\/uploads\/2018\/03\/29214515_2094188270812883_1884757397537292288_n-560x401.jpg 560w, https:\/\/www.giurgiuveanul.ro\/stiri\/wp-content\/uploads\/2018\/03\/29214515_2094188270812883_1884757397537292288_n-250x179.jpg 250w, https:\/\/www.giurgiuveanul.ro\/stiri\/wp-content\/uploads\/2018\/03\/29214515_2094188270812883_1884757397537292288_n-400x287.jpg 400w, https:\/\/www.giurgiuveanul.ro\/stiri\/wp-content\/uploads\/2018\/03\/29214515_2094188270812883_1884757397537292288_n.jpg 800w\" sizes=\"auto, (max-width: 560px) 100vw, 560px\" \/><\/a><\/span>Institutul Na\u0163ional de Hidrologie \u015fi Gospod\u0103rire a Apelor a emis <!--more-->Aten\u021bionare hidrologic\u0103 de COD GALBEN pentru cre\u015fteri de debite \u015fi niveluri pentru r\u00e2urile Neajlov \u015fi Sabar, in perioada 16.03.2018, ora 14.00 \u2013 17.03.2018, ora 20.00.<\/p>\n<p style=\"text-align: justify;\">De asemenea, ANM a emis Aten\u021bionare meteorologic\u0103 de COD GALBEN pentru data de 18.03.2018, \u00eentre orele 08.00-23.00, pentru precipita\u021bii \u00eensemnate cantitativ, intensific\u0103ri ale v\u00e2ntului, r\u0103cire accentuat\u0103.<\/p>\n<p style=\"text-align: justify;\">La nivel jude\u021bean, unit\u0103\u021bile administrativ-teritoriale Bulbucata \u0219i C\u0103lug\u0103reni sunt afectate \u00een acest moment de rev\u0103rsarea r\u00e2ului Neajlov, astfel:<\/p>\n<p style=\"text-align: justify;\">&#8211; 230 ha p\u0103dure;<\/p>\n<p style=\"text-align: justify;\">&#8211; 20 ha p\u0103\u015fune;<\/p>\n<p style=\"text-align: justify;\">&#8211; 2,2 km DC (DC 107 si DC 101, ambele pe raza comunei C\u0103lug\u0103reni).<\/p>\n<p style=\"text-align: justify;\">Totodat\u0103, pe raza U.A.T.-uri anterior men\u021bionate se face monitorizarea permanent\u0103 a modului de evolu\u021bie a cotelor r\u00e2urilor, \u00een scopul interven\u021biei \u00een timp oportun dac\u0103 situa\u021bia o va impune.<\/p>\n<p style=\"text-align: justify;\">\u00cen ceea ce prive\u0219te situa\u021bia hidrologic\u0103, pe r\u00e2urile interioare care str\u0103bat teritoriul jude\u021bului, sunt cre\u0219teri ale nivelurilor \u0219i debitelor din cauza apei ced\u0103rii apei din stratul de z\u0103pad\u0103 \u0219i propag\u0103rii viiturilor din amonte.<\/p>\n<ol style=\"text-align: justify;\">\n<li>Sta\u021bia hidrometric\u0103 de la <strong>Vadu Lat<\/strong>, de pe <strong>r\u00e2ul Neajlov<\/strong>:<\/li>\n<\/ol>\n<p style=\"text-align: justify;\">&#8211; nivel: 133 cm, cu 17 cm sub cota de aten\u021bie, \u00een sc\u0103dere cu 19 cm fa\u021b\u0103 de nivelul \u00eenregistrat la ora 06:00;<\/p>\n<ol style=\"text-align: justify;\">\n<li>Sta\u021bia hidrometric\u0103 de la <strong>C\u0103lug\u0103reni<\/strong>, de pe <strong>r\u00e2ul Neajlov<\/strong>:<\/li>\n<\/ol>\n<p style=\"text-align: justify;\">&#8211; nivel: 262 cm, cu 2 cm peste cota de inunda\u0163ie \u0219i 63 cm sub cota de pericol, sta\u021bionar comparativ nivelul \u00eenregistrat la ora 09.00;<\/p>\n<ol style=\"text-align: justify;\">\n<li>Sta\u021bia hidrometric\u0103 de la <strong>Crovu<\/strong>, de pe <strong>r\u00e2ul Glavacioc<\/strong>:<\/li>\n<\/ol>\n<p style=\"text-align: justify;\">&#8211; nivel: 236 cm, cu 36 cm peste cota de aten\u0163ie \u0219i 14 cm sub cota de inunda\u021bie, \u00een sc\u0103dere cu 9 cm fa\u021b\u0103 nivelul \u00eenregistrat la ora 06.00;<\/p>\n<ol style=\"text-align: justify;\">\n<li>Sta\u021bia hidrometric\u0103 de la <strong>Poenari<\/strong>, de pe <strong>r\u00e2ul Sabar<\/strong>:<\/li>\n<\/ol>\n<p style=\"text-align: justify;\">&#8211; nivel: 178 cm, cu 2 cm sub cota de aten\u021bie, \u00een sc\u0103dere cu 20 cm fa\u021b\u0103 nivelul \u00eenregistrat la ora 06.00.<\/p>\n<p style=\"text-align: justify;\"><strong><span id=\"fbPhotoSnowliftCaption\" class=\"fbPhotosPhotoCaption\" tabindex=\"0\" data-ft=\"{&quot;tn&quot;:&quot;K&quot;}\"><span class=\"hasCaption\">Foto:<\/span><\/span><em><span id=\"fbPhotoSnowliftCaption\" class=\"fbPhotosPhotoCaption\" tabindex=\"0\" data-ft=\"{&quot;tn&quot;:&quot;K&quot;}\"><span class=\"hasCaption\"> Mircea Andrei,\u00a0director Apele Rom\u00e2ne Giurgiu<\/span><\/span><\/em><\/strong><\/p>\n","protected":false},"excerpt":{"rendered":"<p>Institutul Na\u0163ional de Hidrologie \u015fi Gospod\u0103rire a Apelor a emis<\/p>\n","protected":false},"author":1,"featured_media":0,"comment_status":"open","ping_status":"open","sticky":false,"template":"","format":"standard","meta":{"footnotes":""},"categories":[6],"tags":[],"class_list":["post-50783","post","type-post","status-publish","format-standard","hentry","category-breaking-news"],"_links":{"self":[{"href":"https:\/\/www.giurgiuveanul.ro\/stiri\/wp-json\/wp\/v2\/posts\/50783","targetHints":{"allow":["GET"]}}],"collection":[{"href":"https:\/\/www.giurgiuveanul.ro\/stiri\/wp-json\/wp\/v2\/posts"}],"about":[{"href":"https:\/\/www.giurgiuveanul.ro\/stiri\/wp-json\/wp\/v2\/types\/post"}],"author":[{"embeddable":true,"href":"https:\/\/www.giurgiuveanul.ro\/stiri\/wp-json\/wp\/v2\/users\/1"}],"replies":[{"embeddable":true,"href":"https:\/\/www.giurgiuveanul.ro\/stiri\/wp-json\/wp\/v2\/comments?post=50783"}],"version-history":[{"count":0,"href":"https:\/\/www.giurgiuveanul.ro\/stiri\/wp-json\/wp\/v2\/posts\/50783\/revisions"}],"wp:attachment":[{"href":"https:\/\/www.giurgiuveanul.ro\/stiri\/wp-json\/wp\/v2\/media?parent=50783"}],"wp:term":[{"taxonomy":"category","embeddable":true,"href":"https:\/\/www.giurgiuveanul.ro\/stiri\/wp-json\/wp\/v2\/categories?post=50783"},{"taxonomy":"post_tag","embeddable":true,"href":"https:\/\/www.giurgiuveanul.ro\/stiri\/wp-json\/wp\/v2\/tags?post=50783"}],"curies":[{"name":"wp","href":"https:\/\/api.w.org\/{rel}","templated":true}]}}