{"id":50800,"date":"2018-03-18T15:48:23","date_gmt":"2018-03-18T13:48:23","guid":{"rendered":"https:\/\/www.giurgiuveanul.ro\/stiri\/?p=50800"},"modified":"2018-03-18T15:48:23","modified_gmt":"2018-03-18T13:48:23","slug":"premiera-in-romania-descindere-politistilor-giurgiuveni-la-teatrul-tudor-vianu-foto","status":"publish","type":"post","link":"https:\/\/www.giurgiuveanul.ro\/stiri\/premiera-in-romania-descindere-politistilor-giurgiuveni-la-teatrul-tudor-vianu-foto\/","title":{"rendered":"PREMIER\u0102 \u00een Rom\u00e2nia: \u201cDESCINDERE\u201d a poli\u0163i\u015ftilor giurgiuveni\u2026 la Teatrul \u201cTudor Vianu\u201d! (FOTO)"},"content":{"rendered":"<p style=\"text-align: justify;\"><strong><a href=\"https:\/\/www.giurgiuveanul.ro\/stiri\/wp-content\/uploads\/2018\/03\/IMG_9966.jpg\"><img loading=\"lazy\" decoding=\"async\" class=\"aligncenter size-large wp-image-50802\" src=\"https:\/\/www.giurgiuveanul.ro\/stiri\/wp-content\/uploads\/2018\/03\/IMG_9966-560x372.jpg\" alt=\"IMG_9966\" width=\"560\" height=\"372\" srcset=\"https:\/\/www.giurgiuveanul.ro\/stiri\/wp-content\/uploads\/2018\/03\/IMG_9966-560x372.jpg 560w, https:\/\/www.giurgiuveanul.ro\/stiri\/wp-content\/uploads\/2018\/03\/IMG_9966-250x166.jpg 250w, https:\/\/www.giurgiuveanul.ro\/stiri\/wp-content\/uploads\/2018\/03\/IMG_9966-400x266.jpg 400w, https:\/\/www.giurgiuveanul.ro\/stiri\/wp-content\/uploads\/2018\/03\/IMG_9966.jpg 800w\" sizes=\"auto, (max-width: 560px) 100vw, 560px\" \/><\/a>\u00cen frunte cu inspectorul \u015fef al IPJ, comisar \u015fef C\u0103t\u0103lin \u0162one,<!--more--> o parte dintre poli\u0163i\u015ftii giurgiuveni, de bun\u0103 voie \u015fi nesili\u0163i de nimeni, au umplut, recent, sala mic\u0103 a Teatrului \u201cTudor Vianu\u201d.<\/strong><\/p>\n<p style=\"text-align: justify;\"><a href=\"https:\/\/www.giurgiuveanul.ro\/stiri\/wp-content\/uploads\/2018\/03\/IMG_9958.jpg\"><img loading=\"lazy\" decoding=\"async\" class=\"aligncenter size-large wp-image-50804\" src=\"https:\/\/www.giurgiuveanul.ro\/stiri\/wp-content\/uploads\/2018\/03\/IMG_9958-560x330.jpg\" alt=\"IMG_9958\" width=\"560\" height=\"330\" srcset=\"https:\/\/www.giurgiuveanul.ro\/stiri\/wp-content\/uploads\/2018\/03\/IMG_9958-560x330.jpg 560w, https:\/\/www.giurgiuveanul.ro\/stiri\/wp-content\/uploads\/2018\/03\/IMG_9958-250x147.jpg 250w, https:\/\/www.giurgiuveanul.ro\/stiri\/wp-content\/uploads\/2018\/03\/IMG_9958-400x236.jpg 400w, https:\/\/www.giurgiuveanul.ro\/stiri\/wp-content\/uploads\/2018\/03\/IMG_9958.jpg 800w\" sizes=\"auto, (max-width: 560px) 100vw, 560px\" \/><\/a><\/p>\n<p style=\"text-align: justify;\"><a href=\"https:\/\/www.giurgiuveanul.ro\/stiri\/wp-content\/uploads\/2018\/03\/IMG_9970.jpg\"><img loading=\"lazy\" decoding=\"async\" class=\"aligncenter size-large wp-image-50803\" src=\"https:\/\/www.giurgiuveanul.ro\/stiri\/wp-content\/uploads\/2018\/03\/IMG_9970-560x347.jpg\" alt=\"IMG_9970\" width=\"560\" height=\"347\" srcset=\"https:\/\/www.giurgiuveanul.ro\/stiri\/wp-content\/uploads\/2018\/03\/IMG_9970-560x347.jpg 560w, https:\/\/www.giurgiuveanul.ro\/stiri\/wp-content\/uploads\/2018\/03\/IMG_9970-250x155.jpg 250w, https:\/\/www.giurgiuveanul.ro\/stiri\/wp-content\/uploads\/2018\/03\/IMG_9970-400x248.jpg 400w, https:\/\/www.giurgiuveanul.ro\/stiri\/wp-content\/uploads\/2018\/03\/IMG_9970.jpg 800w\" sizes=\"auto, (max-width: 560px) 100vw, 560px\" \/><\/a><\/p>\n<p style=\"text-align: justify;\">Nu a fost vorba de un control, drept urmare nu s-au aprins luminile ci s-au stins\u2026 pentru ca poli\u0163tii s\u0103 poat\u0103 urm\u0103ri unul dintre spectacolele Teatrului giurgiuvean.<\/p>\n<p style=\"text-align: justify;\">Emo\u0163iona\u0163i, la final, oamenii legii, afla\u0163i \u00een postura de spectatori, au spus c\u0103 piesa, una de rezisten\u0163\u0103 a teatrului \u201cVianu\u201d, <strong>\u201cTrei fra\u0163i gemeni vene\u0163ieni\u201d<\/strong>, \u00een regia lui Mircea Cre\u0163u, i-a f\u0103cut s\u0103 vibreze la unison cu tr\u0103irile actorilor.<\/p>\n<p style=\"text-align: justify;\">Distribu\u0163ia a fost urm\u0103toarea: Zanetto \u2013 <strong>Cosmin Cre\u0163u<\/strong>, Angelique \u2013 <strong>Anca Pascu<\/strong>, Geronte \u2013 <strong>Sorin Aurel Sandu<\/strong>, Arlechino \u2013 <strong>\u015eerban Chi\u0163u<\/strong>, Scapino \u2013 <strong>Mihai Hurduc<\/strong>, Eleonora \u2013 <strong>Ana Maria Negoescu<\/strong>, Argentina \u2013 <strong>Oana Maria Dragne<\/strong>, Comisarul \u2013 <strong>Vlad B\u00eenzoiu<\/strong>, Sergentul \u2013 <strong>Eugen Stoian<\/strong>.<\/p>\n<p style=\"text-align: justify;\"><a href=\"https:\/\/www.giurgiuveanul.ro\/stiri\/wp-content\/uploads\/2018\/03\/IMG_9986.jpg\"><img loading=\"lazy\" decoding=\"async\" class=\"aligncenter size-large wp-image-50805\" src=\"https:\/\/www.giurgiuveanul.ro\/stiri\/wp-content\/uploads\/2018\/03\/IMG_9986-443x450.jpg\" alt=\"IMG_9986\" width=\"443\" height=\"450\" srcset=\"https:\/\/www.giurgiuveanul.ro\/stiri\/wp-content\/uploads\/2018\/03\/IMG_9986-443x450.jpg 443w, https:\/\/www.giurgiuveanul.ro\/stiri\/wp-content\/uploads\/2018\/03\/IMG_9986-250x254.jpg 250w, https:\/\/www.giurgiuveanul.ro\/stiri\/wp-content\/uploads\/2018\/03\/IMG_9986-400x406.jpg 400w, https:\/\/www.giurgiuveanul.ro\/stiri\/wp-content\/uploads\/2018\/03\/IMG_9986.jpg 788w\" sizes=\"auto, (max-width: 443px) 100vw, 443px\" \/><\/a><\/p>\n<p style=\"text-align: justify;\"><a href=\"https:\/\/www.giurgiuveanul.ro\/stiri\/wp-content\/uploads\/2018\/03\/29244265_780756728791028_4583040772701421568_n.jpg\"><img loading=\"lazy\" decoding=\"async\" class=\"aligncenter size-large wp-image-50806\" src=\"https:\/\/www.giurgiuveanul.ro\/stiri\/wp-content\/uploads\/2018\/03\/29244265_780756728791028_4583040772701421568_n-232x450.jpg\" alt=\"29244265_780756728791028_4583040772701421568_n\" width=\"232\" height=\"450\" srcset=\"https:\/\/www.giurgiuveanul.ro\/stiri\/wp-content\/uploads\/2018\/03\/29244265_780756728791028_4583040772701421568_n-232x450.jpg 232w, https:\/\/www.giurgiuveanul.ro\/stiri\/wp-content\/uploads\/2018\/03\/29244265_780756728791028_4583040772701421568_n-154x300.jpg 154w, https:\/\/www.giurgiuveanul.ro\/stiri\/wp-content\/uploads\/2018\/03\/29244265_780756728791028_4583040772701421568_n-309x600.jpg 309w, https:\/\/www.giurgiuveanul.ro\/stiri\/wp-content\/uploads\/2018\/03\/29244265_780756728791028_4583040772701421568_n.jpg 494w\" sizes=\"auto, (max-width: 232px) 100vw, 232px\" \/><\/a><\/p>\n<p style=\"text-align: justify;\">Pe scurt, la un han din Paris, cu o hangi\u0163\u0103 frumoas\u0103 \u015fi oaspe\u0163i de seam\u0103, nimeresc, f\u0103r\u0103 \u015ftiin\u0163a lor, \u00een aceea\u015fi perioad\u0103, trei fra\u0163i gemeni italieni. Trei caractere total diferite, cu trei partenere total diferite. \u015ei cu servitori care, \u00eencet-\u00eencet, nu mai \u00een\u0163eleg nimic din ce se \u00eent\u00e2mpl\u0103. Pentru c\u0103 \u00eencurc\u0103turile \u00een care au intrat gogomanul, brutalul \u015fi fragilul Zanetto s-au \u0163inut lan\u0163\u2026 oamneii legii au urm\u0103rit cu interes cum au reu\u015fi cu to\u0163ii s\u0103 ias\u0103 din ele!<\/p>\n<p style=\"text-align: justify;\">Inspectorul \u015fef al IPJ Giurgiu, comisarul \u015fef C\u0103t\u0103lin \u0162one, s-a declarat extrem de \u00eenc\u00e2ntat de actul artistic \u0219i de valoarea arti\u0219tilor, care sunt de \u00eenalt nivel.<\/p>\n<p style=\"text-align: justify;\"><a href=\"https:\/\/www.giurgiuveanul.ro\/stiri\/wp-content\/uploads\/2018\/03\/IMG_9920.jpg\"><img loading=\"lazy\" decoding=\"async\" class=\"aligncenter size-large wp-image-50801\" src=\"https:\/\/www.giurgiuveanul.ro\/stiri\/wp-content\/uploads\/2018\/03\/IMG_9920-457x450.jpg\" alt=\"IMG_9920\" width=\"457\" height=\"450\" srcset=\"https:\/\/www.giurgiuveanul.ro\/stiri\/wp-content\/uploads\/2018\/03\/IMG_9920-457x450.jpg 457w, https:\/\/www.giurgiuveanul.ro\/stiri\/wp-content\/uploads\/2018\/03\/IMG_9920-250x246.jpg 250w, https:\/\/www.giurgiuveanul.ro\/stiri\/wp-content\/uploads\/2018\/03\/IMG_9920-400x394.jpg 400w, https:\/\/www.giurgiuveanul.ro\/stiri\/wp-content\/uploads\/2018\/03\/IMG_9920.jpg 800w\" sizes=\"auto, (max-width: 457px) 100vw, 457px\" \/><\/a><\/p>\n<p style=\"text-align: justify;\"><em>\u201cSunt de p\u0103rere c\u0103 teatrul, o institu\u021biile de cultur\u0103 autentic\u0103, poate face fa\u0163\u0103 marketingului agresiv al inculturii. Societatea actual\u0103 are nevoie de educa\u021bie \u0219i de cultur\u0103\u201d,<\/em> a precizat comisarul \u015fef C\u0103t\u0103lin \u0162one.<\/p>\n","protected":false},"excerpt":{"rendered":"<p>\u00cen frunte cu inspectorul \u015fef al IPJ, comisar \u015fef C\u0103t\u0103lin \u0162one,<\/p>\n","protected":false},"author":1,"featured_media":0,"comment_status":"open","ping_status":"open","sticky":false,"template":"","format":"standard","meta":{"footnotes":""},"categories":[6],"tags":[],"class_list":["post-50800","post","type-post","status-publish","format-standard","hentry","category-breaking-news"],"_links":{"self":[{"href":"https:\/\/www.giurgiuveanul.ro\/stiri\/wp-json\/wp\/v2\/posts\/50800","targetHints":{"allow":["GET"]}}],"collection":[{"href":"https:\/\/www.giurgiuveanul.ro\/stiri\/wp-json\/wp\/v2\/posts"}],"about":[{"href":"https:\/\/www.giurgiuveanul.ro\/stiri\/wp-json\/wp\/v2\/types\/post"}],"author":[{"embeddable":true,"href":"https:\/\/www.giurgiuveanul.ro\/stiri\/wp-json\/wp\/v2\/users\/1"}],"replies":[{"embeddable":true,"href":"https:\/\/www.giurgiuveanul.ro\/stiri\/wp-json\/wp\/v2\/comments?post=50800"}],"version-history":[{"count":0,"href":"https:\/\/www.giurgiuveanul.ro\/stiri\/wp-json\/wp\/v2\/posts\/50800\/revisions"}],"wp:attachment":[{"href":"https:\/\/www.giurgiuveanul.ro\/stiri\/wp-json\/wp\/v2\/media?parent=50800"}],"wp:term":[{"taxonomy":"category","embeddable":true,"href":"https:\/\/www.giurgiuveanul.ro\/stiri\/wp-json\/wp\/v2\/categories?post=50800"},{"taxonomy":"post_tag","embeddable":true,"href":"https:\/\/www.giurgiuveanul.ro\/stiri\/wp-json\/wp\/v2\/tags?post=50800"}],"curies":[{"name":"wp","href":"https:\/\/api.w.org\/{rel}","templated":true}]}}