{"id":50831,"date":"2018-03-19T09:46:25","date_gmt":"2018-03-19T07:46:25","guid":{"rendered":"https:\/\/www.giurgiuveanul.ro\/stiri\/?p=50831"},"modified":"2018-03-19T09:46:25","modified_gmt":"2018-03-19T07:46:25","slug":"in-cateva-localitati-giurgiuvene-cabluri-electrice-afectate-de-efectul-freezing-rain","status":"publish","type":"post","link":"https:\/\/www.giurgiuveanul.ro\/stiri\/in-cateva-localitati-giurgiuvene-cabluri-electrice-afectate-de-efectul-freezing-rain\/","title":{"rendered":"\u00cen c\u00e2teva localit\u0103\u0163i giurgiuvene, cabluri electrice afectate de efectul freezing rain!"},"content":{"rendered":"<p style=\"text-align: justify;\"><strong><a href=\"https:\/\/www.giurgiuveanul.ro\/stiri\/wp-content\/uploads\/2018\/03\/ploaie-inghetata-hepta.jpg\"><img loading=\"lazy\" decoding=\"async\" class=\"aligncenter size-large wp-image-50833\" src=\"https:\/\/www.giurgiuveanul.ro\/stiri\/wp-content\/uploads\/2018\/03\/ploaie-inghetata-hepta-560x290.jpg\" alt=\"ploaie-inghetata-hepta\" width=\"560\" height=\"290\" srcset=\"https:\/\/www.giurgiuveanul.ro\/stiri\/wp-content\/uploads\/2018\/03\/ploaie-inghetata-hepta-560x290.jpg 560w, https:\/\/www.giurgiuveanul.ro\/stiri\/wp-content\/uploads\/2018\/03\/ploaie-inghetata-hepta-250x129.jpg 250w, https:\/\/www.giurgiuveanul.ro\/stiri\/wp-content\/uploads\/2018\/03\/ploaie-inghetata-hepta-400x207.jpg 400w, https:\/\/www.giurgiuveanul.ro\/stiri\/wp-content\/uploads\/2018\/03\/ploaie-inghetata-hepta.jpg 1160w\" sizes=\"auto, (max-width: 560px) 100vw, 560px\" \/><\/a>\u201cPloaia <!--more-->\u00eenghe\u021bat\u0103\u201d de la Giurgiu a creat probleme nu doar \u0219oferilor, dar \u0219i cablurilor electrice. <\/strong><\/p>\n<p style=\"text-align: justify;\">\u00cen localitatea Aduna\u021bii Cop\u0103ceni, s-a \u00eenregistrat azi noapte un incident la re\u021beaua de medie tensiune, acesta fiind remediat de echipele Enel.<\/p>\n<p style=\"text-align: justify;\">La Naipu-Ghimpa\u021bi, un conductor electric s-a rupt, interven\u021bia celor de la Enel fiind \u00eengreunat\u0103 de v\u00e2nt.<\/p>\n<p style=\"text-align: justify;\">Asear\u0103, au existat sesiz\u0103ri la la consumatori individuali din Giurgiu \u0219i Bolintin Vale \u0219i C\u0103lug\u0103reni privind producerea unor deranjamente individuale, acestea fiind \u00een prezent remediate.<\/p>\n","protected":false},"excerpt":{"rendered":"<p>\u201cPloaia<\/p>\n","protected":false},"author":1,"featured_media":0,"comment_status":"open","ping_status":"open","sticky":false,"template":"","format":"standard","meta":{"footnotes":""},"categories":[6],"tags":[],"class_list":["post-50831","post","type-post","status-publish","format-standard","hentry","category-breaking-news"],"_links":{"self":[{"href":"https:\/\/www.giurgiuveanul.ro\/stiri\/wp-json\/wp\/v2\/posts\/50831","targetHints":{"allow":["GET"]}}],"collection":[{"href":"https:\/\/www.giurgiuveanul.ro\/stiri\/wp-json\/wp\/v2\/posts"}],"about":[{"href":"https:\/\/www.giurgiuveanul.ro\/stiri\/wp-json\/wp\/v2\/types\/post"}],"author":[{"embeddable":true,"href":"https:\/\/www.giurgiuveanul.ro\/stiri\/wp-json\/wp\/v2\/users\/1"}],"replies":[{"embeddable":true,"href":"https:\/\/www.giurgiuveanul.ro\/stiri\/wp-json\/wp\/v2\/comments?post=50831"}],"version-history":[{"count":0,"href":"https:\/\/www.giurgiuveanul.ro\/stiri\/wp-json\/wp\/v2\/posts\/50831\/revisions"}],"wp:attachment":[{"href":"https:\/\/www.giurgiuveanul.ro\/stiri\/wp-json\/wp\/v2\/media?parent=50831"}],"wp:term":[{"taxonomy":"category","embeddable":true,"href":"https:\/\/www.giurgiuveanul.ro\/stiri\/wp-json\/wp\/v2\/categories?post=50831"},{"taxonomy":"post_tag","embeddable":true,"href":"https:\/\/www.giurgiuveanul.ro\/stiri\/wp-json\/wp\/v2\/tags?post=50831"}],"curies":[{"name":"wp","href":"https:\/\/api.w.org\/{rel}","templated":true}]}}