{"id":50838,"date":"2018-03-19T10:03:41","date_gmt":"2018-03-19T08:03:41","guid":{"rendered":"https:\/\/www.giurgiuveanul.ro\/stiri\/?p=50838"},"modified":"2018-03-19T10:03:41","modified_gmt":"2018-03-19T08:03:41","slug":"emotii-pentru-liceenii-giurgiuveni-incepe-simularea-la-bacalaureat","status":"publish","type":"post","link":"https:\/\/www.giurgiuveanul.ro\/stiri\/emotii-pentru-liceenii-giurgiuveni-incepe-simularea-la-bacalaureat\/","title":{"rendered":"Emo\u021bii pentru liceenii giurgiuveni. \u00cencepe simularea la Bacalaureat"},"content":{"rendered":"<p style=\"text-align: justify;\"><strong><a href=\"https:\/\/www.giurgiuveanul.ro\/stiri\/wp-content\/uploads\/2018\/03\/61289329.png\"><img loading=\"lazy\" decoding=\"async\" class=\"aligncenter size-large wp-image-50839\" src=\"https:\/\/www.giurgiuveanul.ro\/stiri\/wp-content\/uploads\/2018\/03\/61289329-560x351.png\" alt=\"61289329\" width=\"560\" height=\"351\" srcset=\"https:\/\/www.giurgiuveanul.ro\/stiri\/wp-content\/uploads\/2018\/03\/61289329-560x351.png 560w, https:\/\/www.giurgiuveanul.ro\/stiri\/wp-content\/uploads\/2018\/03\/61289329-250x157.png 250w, https:\/\/www.giurgiuveanul.ro\/stiri\/wp-content\/uploads\/2018\/03\/61289329-400x251.png 400w, https:\/\/www.giurgiuveanul.ro\/stiri\/wp-content\/uploads\/2018\/03\/61289329.png 1408w\" sizes=\"auto, (max-width: 560px) 100vw, 560px\" \/><\/a>Liceenii din clasele <!--more-->terminale vor \u00eencepe simularea BAC-ului astazi. <\/strong><\/p>\n<p style=\"text-align: justify;\">Simularea probelor scrise ale Bacalaureatului 2018 se va desf\u0103\u015fura dup\u0103 urm\u0103torul program: 19 martie &#8211; Limba \u015fi literatura rom\u00e2n\u0103; 20 martie &#8211; Limba \u015fi literatura matern\u0103; 21 martie &#8211; proba obligatorie a profilului. Proba la alegere a profilului \u015fi specializ\u0103rii se va desf\u0103\u015fura joi, 22 martie, \u015fi va fi sus\u0163inut\u0103 exclusiv de elevii clasei a XII-a.<\/p>\n<p style=\"text-align: justify;\">Rezultatele ob\u0163inute vor fi comunicate elevilor \u00een data de 30 martie.<\/p>\n<p style=\"text-align: justify;\"><strong>Probele \u00eencep la ora 9<\/strong><\/p>\n<p style=\"text-align: justify;\">Probele \u00eencep la ora 9.00, moment \u00een care, \u00een fiecare sal\u0103, vor fi distribuite subiectele. Accesul elevilor \u00een s\u0103li este permis p\u00e2n\u0103 la ora 8.30. Timpul destinat elabor\u0103rii unei lucr\u0103ri scrise este de trei ore, din momentul \u00een care s-a \u00eencheiat distribuirea subiectelor fiec\u0103rui elev. Subiectele sunt elaborate de c\u0103tre speciali\u015ftii Centrului Na\u0163ional de Evaluare \u015fi Examinare (CNEE), \u00een mod similar cu modelele publicate pe subiecte.edu.ro, \u015fi sunt proiectate astfel \u00eenc\u00e2t tratarea lor s\u0103 valorifice capacit\u0103\u0163ile elevilor pe temele prev\u0103zute \u00een programa de examen \u015fi parcurse p\u00e2n\u0103 la aceast\u0103 dat\u0103. Evaluarea lucr\u0103rilor va fi realizat\u0103, \u00een baza unor bareme care asigur\u0103 unitatea \u015fi obiectivitatea evalu\u0103rii \u015fi not\u0103rii la nivel na\u0163ional, de c\u0103tre doi profesori din unit\u0103\u0163ile de \u00eenv\u0103\u0163\u0103m\u00e2nt \u00een care elevii sus\u0163in simularea. \u00cen situa\u0163ia \u00een care nu s\u00eent suficien\u0163i profesori de specialitate \u00eentr-o unitate de \u00eenv\u0103\u0163\u0103m\u00e2nt, exist\u0103 \u015fi posibilitatea de a solicita sprijin din partea profesorilor din alte \u015fcoli.<\/p>\n<p style=\"text-align: justify;\"><strong>Rezultatele dezb\u0103tute \u00een clas\u0103<\/strong><\/p>\n<p style=\"text-align: justify;\">Rezultatele \u00eenregistrate vor fi analizate la nivelul fiec\u0103rei unit\u0103\u0163i de \u00eenv\u0103\u0163\u0103m\u00e2nt prin discu\u0163ii individuale cu elevii, dezbateri la nivelul clasei, \u015fedin\u0163e cu p\u0103rin\u0163ii, precum \u015fi la nivelul consiliului profesoral \u00een vederea adopt\u0103rii unor m\u0103suri adecvate fiec\u0103rei situa\u0163ii \u00een parte, scopul fiind \u00eembun\u0103t\u0103\u0163irea performan\u0163elor \u015fcolare. Notele ob\u0163inute nu se contest\u0103 \u015fi nu se trec \u00een catalog. Totu\u015fi, \u00een situa\u0163iile excep\u0163ionale \u00een care sunt elevi care doresc consemnarea notelor \u00een catalog, ace\u015ftia vor depune o cerere scris\u0103 \u00een acest sens. Ministerul Educa\u0163iei precizeaz\u0103 c\u0103 obiectivele simul\u0103rii sunt familiarizarea elevilor cu rigorile examenului pe care \u00eel vor sus\u0163ine la finalul ciclului liceal, stabilirea nivelului real de preg\u0103tire atins \u00een aceast\u0103 etap\u0103, precum \u015fi optimizarea preg\u0103tirii \u00een vederea ob\u0163inerii unor rezultate satisf\u0103c\u0103toare \u00een sesiunea iunie-iulie.<\/p>\n","protected":false},"excerpt":{"rendered":"<p>Liceenii din clasele<\/p>\n","protected":false},"author":1,"featured_media":0,"comment_status":"open","ping_status":"open","sticky":false,"template":"","format":"standard","meta":{"footnotes":""},"categories":[6],"tags":[],"class_list":["post-50838","post","type-post","status-publish","format-standard","hentry","category-breaking-news"],"_links":{"self":[{"href":"https:\/\/www.giurgiuveanul.ro\/stiri\/wp-json\/wp\/v2\/posts\/50838","targetHints":{"allow":["GET"]}}],"collection":[{"href":"https:\/\/www.giurgiuveanul.ro\/stiri\/wp-json\/wp\/v2\/posts"}],"about":[{"href":"https:\/\/www.giurgiuveanul.ro\/stiri\/wp-json\/wp\/v2\/types\/post"}],"author":[{"embeddable":true,"href":"https:\/\/www.giurgiuveanul.ro\/stiri\/wp-json\/wp\/v2\/users\/1"}],"replies":[{"embeddable":true,"href":"https:\/\/www.giurgiuveanul.ro\/stiri\/wp-json\/wp\/v2\/comments?post=50838"}],"version-history":[{"count":0,"href":"https:\/\/www.giurgiuveanul.ro\/stiri\/wp-json\/wp\/v2\/posts\/50838\/revisions"}],"wp:attachment":[{"href":"https:\/\/www.giurgiuveanul.ro\/stiri\/wp-json\/wp\/v2\/media?parent=50838"}],"wp:term":[{"taxonomy":"category","embeddable":true,"href":"https:\/\/www.giurgiuveanul.ro\/stiri\/wp-json\/wp\/v2\/categories?post=50838"},{"taxonomy":"post_tag","embeddable":true,"href":"https:\/\/www.giurgiuveanul.ro\/stiri\/wp-json\/wp\/v2\/tags?post=50838"}],"curies":[{"name":"wp","href":"https:\/\/api.w.org\/{rel}","templated":true}]}}