{"id":50841,"date":"2018-03-19T10:22:47","date_gmt":"2018-03-19T08:22:47","guid":{"rendered":"https:\/\/www.giurgiuveanul.ro\/stiri\/?p=50841"},"modified":"2018-03-19T10:22:47","modified_gmt":"2018-03-19T08:22:47","slug":"informare-meteo-lapovita-ninsoare-si-polei-pana-cand-vezi-aici","status":"publish","type":"post","link":"https:\/\/www.giurgiuveanul.ro\/stiri\/informare-meteo-lapovita-ninsoare-si-polei-pana-cand-vezi-aici\/","title":{"rendered":"INFORMARE METEO! Lapovi\u021b\u0103, ninsoare \u0219i polei!  P\u00e2n\u0103 c\u00e2nd&#8230; VEZI AICI"},"content":{"rendered":"<p style=\"text-align: justify;\"><a href=\"https:\/\/www.giurgiuveanul.ro\/stiri\/wp-content\/uploads\/2018\/03\/IMG_0879.jpg\"><img loading=\"lazy\" decoding=\"async\" class=\"aligncenter size-large wp-image-50842\" src=\"https:\/\/www.giurgiuveanul.ro\/stiri\/wp-content\/uploads\/2018\/03\/IMG_0879-560x434.jpg\" alt=\"IMG_0879\" width=\"560\" height=\"434\" srcset=\"https:\/\/www.giurgiuveanul.ro\/stiri\/wp-content\/uploads\/2018\/03\/IMG_0879-560x434.jpg 560w, https:\/\/www.giurgiuveanul.ro\/stiri\/wp-content\/uploads\/2018\/03\/IMG_0879-250x194.jpg 250w, https:\/\/www.giurgiuveanul.ro\/stiri\/wp-content\/uploads\/2018\/03\/IMG_0879-400x310.jpg 400w, https:\/\/www.giurgiuveanul.ro\/stiri\/wp-content\/uploads\/2018\/03\/IMG_0879.jpg 800w\" sizes=\"auto, (max-width: 560px) 100vw, 560px\" \/><\/a>Administra\u021bia Na\u021bional\u0103 de Meteorologie<!--more--> a emis o informare de precipita\u021bii \u00een general moderate cantitativ, mai ales sub form\u0103 lapovi\u021b\u0103 \u0219i ninsoare, polei, vreme deosebit de rece, \u00een intervalul 19 martie, ora 6.00 \u2013 20 martie, ora 21.00, pentru \u00eentreaga \u0163ar\u0103.<\/p>\n<p style=\"text-align: justify;\">Temporar vor fi precipita\u021bii, mai ales sub form\u0103 lapovi\u021b\u0103 \u0219i ninsoare, \u00een extindere treptat\u0103 dinspre sud-vest. \u00cen jum\u0103tatea de sud a \u021b\u0103rii \u0219i la munte acestea vor fi \u00een general moderate cantitativ. Se va semnala polei sau ghe\u021bus, \u00een special \u00een sudul teritoriului, iar v\u00e2ntul va avea unele intensific\u0103ri. Vremea se va men\u021bine deosebit de rece, mai ales \u00een regiunile extracarpatice.<\/p>\n","protected":false},"excerpt":{"rendered":"<p>Administra\u021bia Na\u021bional\u0103 de Meteorologie<\/p>\n","protected":false},"author":1,"featured_media":0,"comment_status":"open","ping_status":"open","sticky":false,"template":"","format":"standard","meta":{"footnotes":""},"categories":[6],"tags":[],"class_list":["post-50841","post","type-post","status-publish","format-standard","hentry","category-breaking-news"],"_links":{"self":[{"href":"https:\/\/www.giurgiuveanul.ro\/stiri\/wp-json\/wp\/v2\/posts\/50841","targetHints":{"allow":["GET"]}}],"collection":[{"href":"https:\/\/www.giurgiuveanul.ro\/stiri\/wp-json\/wp\/v2\/posts"}],"about":[{"href":"https:\/\/www.giurgiuveanul.ro\/stiri\/wp-json\/wp\/v2\/types\/post"}],"author":[{"embeddable":true,"href":"https:\/\/www.giurgiuveanul.ro\/stiri\/wp-json\/wp\/v2\/users\/1"}],"replies":[{"embeddable":true,"href":"https:\/\/www.giurgiuveanul.ro\/stiri\/wp-json\/wp\/v2\/comments?post=50841"}],"version-history":[{"count":0,"href":"https:\/\/www.giurgiuveanul.ro\/stiri\/wp-json\/wp\/v2\/posts\/50841\/revisions"}],"wp:attachment":[{"href":"https:\/\/www.giurgiuveanul.ro\/stiri\/wp-json\/wp\/v2\/media?parent=50841"}],"wp:term":[{"taxonomy":"category","embeddable":true,"href":"https:\/\/www.giurgiuveanul.ro\/stiri\/wp-json\/wp\/v2\/categories?post=50841"},{"taxonomy":"post_tag","embeddable":true,"href":"https:\/\/www.giurgiuveanul.ro\/stiri\/wp-json\/wp\/v2\/tags?post=50841"}],"curies":[{"name":"wp","href":"https:\/\/api.w.org\/{rel}","templated":true}]}}