{"id":50844,"date":"2018-03-19T17:13:16","date_gmt":"2018-03-19T15:13:16","guid":{"rendered":"https:\/\/www.giurgiuveanul.ro\/stiri\/?p=50844"},"modified":"2018-03-19T17:13:16","modified_gmt":"2018-03-19T15:13:16","slug":"giurgiu-afectat-de-ploaia-inghetata-si-de-rafalele-de-vant","status":"publish","type":"post","link":"https:\/\/www.giurgiuveanul.ro\/stiri\/giurgiu-afectat-de-ploaia-inghetata-si-de-rafalele-de-vant\/","title":{"rendered":"Giurgiu, afectat de ploaia \u00eenghe\u021bat\u0103 \u0219i de rafalele de v\u00e2nt"},"content":{"rendered":"<p style=\"text-align: justify;\"><strong><a href=\"https:\/\/www.giurgiuveanul.ro\/stiri\/wp-content\/uploads\/2018\/03\/IMG_0890.jpg\"><img loading=\"lazy\" decoding=\"async\" class=\"aligncenter size-large wp-image-50845\" src=\"https:\/\/www.giurgiuveanul.ro\/stiri\/wp-content\/uploads\/2018\/03\/IMG_0890-560x417.jpg\" alt=\"IMG_0890\" width=\"560\" height=\"417\" srcset=\"https:\/\/www.giurgiuveanul.ro\/stiri\/wp-content\/uploads\/2018\/03\/IMG_0890-560x417.jpg 560w, https:\/\/www.giurgiuveanul.ro\/stiri\/wp-content\/uploads\/2018\/03\/IMG_0890-250x186.jpg 250w, https:\/\/www.giurgiuveanul.ro\/stiri\/wp-content\/uploads\/2018\/03\/IMG_0890-400x298.jpg 400w, https:\/\/www.giurgiuveanul.ro\/stiri\/wp-content\/uploads\/2018\/03\/IMG_0890.jpg 800w\" sizes=\"auto, (max-width: 560px) 100vw, 560px\" \/><\/a>De <!--more-->duminic\u0103, Giurgiu s-a transformat \u00eentr-un patinoar, din cauza ploii \u00eenghe\u0163ate care s-a pornit, \u00een jurul pr\u00e2nzului. \u015eoselele, trotuarele, ma\u015finile, copacii, cablurile \u015fi, \u00een general, toate suprafe\u0163ele care au fost expuse ploii \u00eenghe\u0163ate \u015fi rafalelor puternice de v\u00e2nt au \u00eencremenit.<\/strong><\/p>\n<p style=\"text-align: justify;\">Ploaia \u00eenghe\u021bat\u0103 a creat probleme nu doar \u0219oferilor, dar \u0219i cablurilor electrice. \u00cen localitatea Aduna\u021bii Cop\u0103ceni, azi noapte s-a \u00eenregistrat un incident la re\u021beaua de medie tensiune. La Naipu-Ghimpa\u021bi, un conductor electric s-a rupt, interven\u021bia celor de la Enel fiind \u00eengreunat\u0103 de v\u00e2nt.<\/p>\n<p style=\"text-align: justify;\">\u00cenc\u0103 de asear\u0103, distribuitorul de energie electric\u0103 primes\u0219te numeroase sesiz\u0103ri\u00a0 \u0219i de la consumatorii individuali legate de faptul c\u0103 le-au fost afectate re\u021belele electrice.<\/p>\n<p style=\"text-align: justify;\">Patru agen\u021bi economici nu au curent electric, dup\u0103 ce o linie de medie tensiune din Ghimpa\u021bi a cedat. Nici Gara Chiriacu nu are energie electric\u0103 dar echipe ale Enel intervin pentru a remedia situa\u021bia.<\/p>\n<p style=\"text-align: justify;\">Nu doar ploaia \u00eenghe\u021bat\u0103 a creat proble,e ci \u0219i v\u00e2ntul puternic. Pompierii au intervenit la un bloc din Giurgiu, unde \u021bigla de acoperi\u0219 a fost luat\u0103 de v\u00e2nt. Totodat\u0103, o foaie de tabl\u0103 de pe cl\u0103direa\u00a0 fostei prim\u0103rii din Giurgiu\u00a0 a fost smuls\u0103 de v\u00e2nt.<\/p>\n<p style=\"text-align: justify;\">Acum, la Giurgiu, se \u00eenregistreaz\u0103 precipita\u021bii sub form\u0103 de lapovi\u021b\u0103 iar v\u00e2ntul si-a mai redus din intensitate.<\/p>\n","protected":false},"excerpt":{"rendered":"<p>De<\/p>\n","protected":false},"author":1,"featured_media":0,"comment_status":"open","ping_status":"open","sticky":false,"template":"","format":"standard","meta":{"footnotes":""},"categories":[6],"tags":[],"class_list":["post-50844","post","type-post","status-publish","format-standard","hentry","category-breaking-news"],"_links":{"self":[{"href":"https:\/\/www.giurgiuveanul.ro\/stiri\/wp-json\/wp\/v2\/posts\/50844","targetHints":{"allow":["GET"]}}],"collection":[{"href":"https:\/\/www.giurgiuveanul.ro\/stiri\/wp-json\/wp\/v2\/posts"}],"about":[{"href":"https:\/\/www.giurgiuveanul.ro\/stiri\/wp-json\/wp\/v2\/types\/post"}],"author":[{"embeddable":true,"href":"https:\/\/www.giurgiuveanul.ro\/stiri\/wp-json\/wp\/v2\/users\/1"}],"replies":[{"embeddable":true,"href":"https:\/\/www.giurgiuveanul.ro\/stiri\/wp-json\/wp\/v2\/comments?post=50844"}],"version-history":[{"count":0,"href":"https:\/\/www.giurgiuveanul.ro\/stiri\/wp-json\/wp\/v2\/posts\/50844\/revisions"}],"wp:attachment":[{"href":"https:\/\/www.giurgiuveanul.ro\/stiri\/wp-json\/wp\/v2\/media?parent=50844"}],"wp:term":[{"taxonomy":"category","embeddable":true,"href":"https:\/\/www.giurgiuveanul.ro\/stiri\/wp-json\/wp\/v2\/categories?post=50844"},{"taxonomy":"post_tag","embeddable":true,"href":"https:\/\/www.giurgiuveanul.ro\/stiri\/wp-json\/wp\/v2\/tags?post=50844"}],"curies":[{"name":"wp","href":"https:\/\/api.w.org\/{rel}","templated":true}]}}