{"id":50847,"date":"2018-03-19T18:37:50","date_gmt":"2018-03-19T16:37:50","guid":{"rendered":"https:\/\/www.giurgiuveanul.ro\/stiri\/?p=50847"},"modified":"2018-03-19T18:37:50","modified_gmt":"2018-03-19T16:37:50","slug":"consens-la-consiliul-judetean-giurgiu-proiect-extrem-de-important-pentru-comunitate-aprobat-de-alesii-nostri","status":"publish","type":"post","link":"https:\/\/www.giurgiuveanul.ro\/stiri\/consens-la-consiliul-judetean-giurgiu-proiect-extrem-de-important-pentru-comunitate-aprobat-de-alesii-nostri\/","title":{"rendered":"CONSENS la Consiliul Jude\u0163ean Giurgiu! Un proiect extrem de important pentru comunitate, aprobat de ale\u015fii no\u015ftri!"},"content":{"rendered":"<p style=\"text-align: justify;\"><strong><a href=\"https:\/\/www.giurgiuveanul.ro\/stiri\/wp-content\/uploads\/2018\/03\/29432346_782554655277902_8446992694500130816_n.jpg\"><img loading=\"lazy\" decoding=\"async\" class=\"aligncenter size-large wp-image-50849\" src=\"https:\/\/www.giurgiuveanul.ro\/stiri\/wp-content\/uploads\/2018\/03\/29432346_782554655277902_8446992694500130816_n-512x450.jpg\" alt=\"29432346_782554655277902_8446992694500130816_n\" width=\"512\" height=\"450\" srcset=\"https:\/\/www.giurgiuveanul.ro\/stiri\/wp-content\/uploads\/2018\/03\/29432346_782554655277902_8446992694500130816_n-512x450.jpg 512w, https:\/\/www.giurgiuveanul.ro\/stiri\/wp-content\/uploads\/2018\/03\/29432346_782554655277902_8446992694500130816_n-250x220.jpg 250w, https:\/\/www.giurgiuveanul.ro\/stiri\/wp-content\/uploads\/2018\/03\/29432346_782554655277902_8446992694500130816_n-400x352.jpg 400w, https:\/\/www.giurgiuveanul.ro\/stiri\/wp-content\/uploads\/2018\/03\/29432346_782554655277902_8446992694500130816_n.jpg 960w\" sizes=\"auto, (max-width: 512px) 100vw, 512px\" \/><\/a>Ast\u0103zi, 19 martie 2018, pe ordinea de zi a \u0219edin\u021bei ordinare a Consiliului Jude\u021bean s-a aflat, printre altele, un proiect de hot\u0103r\u00e2re extrem de important pentru comunitatea giurgiuvean\u0103.<\/strong><\/p>\n<p style=\"text-align: justify;\">Este vorba despre <!--more-->aprobarea documenta\u021biei tehnico-economice pentru obiectivul de investi\u021bii <strong>\u201dModernizare, extindere \u0219i dotare Unitate primiri Urgen\u021be \u2013 Spitalul Jude\u021bean de Urgen\u021b\u0103\u201d.<\/strong><\/p>\n<p style=\"text-align: justify;\">Supus la vot, proiectul de hot\u0103r\u00e2re a fost votat de to\u021bi consilierii jude\u021beni prezen\u021bi la \u0219edin\u021b\u0103.<\/p>\n<p style=\"text-align: justify;\"><a href=\"https:\/\/www.giurgiuveanul.ro\/stiri\/wp-content\/uploads\/2018\/03\/IMG_0907.jpg\"><img loading=\"lazy\" decoding=\"async\" class=\"aligncenter size-large wp-image-50848\" src=\"https:\/\/www.giurgiuveanul.ro\/stiri\/wp-content\/uploads\/2018\/03\/IMG_0907-560x295.jpg\" alt=\"IMG_0907\" width=\"560\" height=\"295\" srcset=\"https:\/\/www.giurgiuveanul.ro\/stiri\/wp-content\/uploads\/2018\/03\/IMG_0907-560x295.jpg 560w, https:\/\/www.giurgiuveanul.ro\/stiri\/wp-content\/uploads\/2018\/03\/IMG_0907-250x132.jpg 250w, https:\/\/www.giurgiuveanul.ro\/stiri\/wp-content\/uploads\/2018\/03\/IMG_0907-400x211.jpg 400w, https:\/\/www.giurgiuveanul.ro\/stiri\/wp-content\/uploads\/2018\/03\/IMG_0907.jpg 800w\" sizes=\"auto, (max-width: 560px) 100vw, 560px\" \/><\/a><\/p>\n<p style=\"text-align: justify;\">Drept urmare, proiectul va fi depus spre finan\u021bare prin Programul Opera\u0163ional Regional 2014-2020, Axa Prioritar\u0103 8- Dezvoltarea infrastructurii sanitare \u015fi sociale \u0219i are o valoare total\u0103 a investi\u0163iei de peste <strong>6,8 milioane de lei<\/strong>, durata investi\u0163iei fiind de <strong>36 de luni<\/strong>.<\/p>\n<p style=\"text-align: justify;\">Unitatea de primiri Urgen\u021be este o component\u0103 esen\u021bial\u0103 a Spitalului Jude\u021bean Giurgiu, condi\u021biile existente \u00een prezent gener\u00e2nd deseori nemul\u021bumiri \u00een r\u00e2ndul celor care erau nevoi\u021bi s\u0103 apeleze la aceste servicii medicale.<\/p>\n<p style=\"text-align: justify;\">A\u015fa dup\u0103 cum se arat\u0103 \u00een motivare, \u201d<em>pentru cre\u015fterea accesibilit\u0103\u0163ii popula\u0163iei din jude\u0163ul Giurgiu la serviciile de s\u0103n\u0103tate oferite de Spitalul Jude\u0163ean de Urgen\u0163\u0103 Giurgiu \u015fi crearea condi\u0163iilor stabilite prin legisla\u0163ia \u00een vigoare \u00een domeniul s\u0103n\u0103t\u0103\u0163ii, este necesar\u0103 modernizare \u015fi extinderea corpului de cl\u0103dire existent, pentru asigurarea tuturor func\u0163ionalit\u0103\u0163ilor impuse de normativele \u00een vigoare \u00een domeniul construc\u0163iilor unit\u0103\u0163ilor spitalice\u015fti. Prin proiect se propune extinderea corpului C1, aripa central\u0103 P+2. Construc\u0163ia nou\u0103 propus\u0103 va avea o suprafa\u0163\u0103 construit\u0103 de 768,22 mp.\u201d<\/em><\/p>\n<p style=\"text-align: justify;\"><em>\u00a0\u201cLe mul\u021bumesc consilierilor jude\u021beni giurgiuveni care au participat la \u0219edin\u021ba ordinar\u0103 a Consiliului Jude\u021bean Giurgiu, \u0219edin\u021b\u0103 care s-a desf\u0103\u0219urat ast\u0103zi, 19 martie, \u0219i \u00een care s-au adoptat proiecte importante pentru jude\u021bul nostru. Le mul\u021bumesc tuturor celor care au muncit \u00een comisiile de specialitate, ore \u00een \u0219ir, pentru a face posibil\u0103 demararea de noi proiecte extrem de necesare pentru giurgiuveni. Scopul nostru, al celor care \u00eei reprezent\u0103m pe cet\u0103\u021beni, este de a asigura institu\u021bii puternice care s\u0103 vin\u0103 \u00een sprijinul cet\u0103\u021benilor\u201d,<\/em> a declarat pre\u015fedintele CJ, <strong>Marian Mina.<\/strong><\/p>\n","protected":false},"excerpt":{"rendered":"<p>Ast\u0103zi, 19 martie 2018, pe ordinea de zi a \u0219edin\u021bei ordinare a Consiliului Jude\u021bean s-a aflat, printre altele, un proiect de hot\u0103r\u00e2re extrem de important pentru comunitatea giurgiuvean\u0103. Este vorba despre<\/p>\n","protected":false},"author":1,"featured_media":0,"comment_status":"open","ping_status":"open","sticky":false,"template":"","format":"standard","meta":{"footnotes":""},"categories":[6],"tags":[],"class_list":["post-50847","post","type-post","status-publish","format-standard","hentry","category-breaking-news"],"_links":{"self":[{"href":"https:\/\/www.giurgiuveanul.ro\/stiri\/wp-json\/wp\/v2\/posts\/50847","targetHints":{"allow":["GET"]}}],"collection":[{"href":"https:\/\/www.giurgiuveanul.ro\/stiri\/wp-json\/wp\/v2\/posts"}],"about":[{"href":"https:\/\/www.giurgiuveanul.ro\/stiri\/wp-json\/wp\/v2\/types\/post"}],"author":[{"embeddable":true,"href":"https:\/\/www.giurgiuveanul.ro\/stiri\/wp-json\/wp\/v2\/users\/1"}],"replies":[{"embeddable":true,"href":"https:\/\/www.giurgiuveanul.ro\/stiri\/wp-json\/wp\/v2\/comments?post=50847"}],"version-history":[{"count":0,"href":"https:\/\/www.giurgiuveanul.ro\/stiri\/wp-json\/wp\/v2\/posts\/50847\/revisions"}],"wp:attachment":[{"href":"https:\/\/www.giurgiuveanul.ro\/stiri\/wp-json\/wp\/v2\/media?parent=50847"}],"wp:term":[{"taxonomy":"category","embeddable":true,"href":"https:\/\/www.giurgiuveanul.ro\/stiri\/wp-json\/wp\/v2\/categories?post=50847"},{"taxonomy":"post_tag","embeddable":true,"href":"https:\/\/www.giurgiuveanul.ro\/stiri\/wp-json\/wp\/v2\/tags?post=50847"}],"curies":[{"name":"wp","href":"https:\/\/api.w.org\/{rel}","templated":true}]}}