{"id":50868,"date":"2018-03-20T09:21:49","date_gmt":"2018-03-20T07:21:49","guid":{"rendered":"https:\/\/www.giurgiuveanul.ro\/stiri\/?p=50868"},"modified":"2018-03-20T09:21:49","modified_gmt":"2018-03-20T07:21:49","slug":"cum-se-circula-in-giurgiu-sunt-drumuri-inchise","status":"publish","type":"post","link":"https:\/\/www.giurgiuveanul.ro\/stiri\/cum-se-circula-in-giurgiu-sunt-drumuri-inchise\/","title":{"rendered":"Cum se circul\u0103 \u00een Giurgiu? Sunt drumuri \u00eenchise?"},"content":{"rendered":"<p style=\"text-align: justify;\"><a href=\"https:\/\/www.giurgiuveanul.ro\/stiri\/wp-content\/uploads\/2018\/03\/IMG_1029.jpg\"><img loading=\"lazy\" decoding=\"async\" class=\"aligncenter size-large wp-image-50869\" src=\"https:\/\/www.giurgiuveanul.ro\/stiri\/wp-content\/uploads\/2018\/03\/IMG_1029-545x450.jpg\" alt=\"IMG_1029\" width=\"545\" height=\"450\" srcset=\"https:\/\/www.giurgiuveanul.ro\/stiri\/wp-content\/uploads\/2018\/03\/IMG_1029-545x450.jpg 545w, https:\/\/www.giurgiuveanul.ro\/stiri\/wp-content\/uploads\/2018\/03\/IMG_1029-250x207.jpg 250w, https:\/\/www.giurgiuveanul.ro\/stiri\/wp-content\/uploads\/2018\/03\/IMG_1029-400x331.jpg 400w, https:\/\/www.giurgiuveanul.ro\/stiri\/wp-content\/uploads\/2018\/03\/IMG_1029.jpg 800w\" sizes=\"auto, (max-width: 545px) 100vw, 545px\" \/><\/a>\u00cen jude\u0163ul Giurgiu,<!--more--> niciun drum na\u021bional sau jude\u021bean\u00a0 nu este blocat sau \u00eenchis, anun\u021b\u0103 autorit\u0103\u021bile. \u00cen ceea ce prive\u0219te circula\u021bia pe drumurile na\u021bionale, pe carosabil exist\u0103 z\u0103pad\u0103 fr\u0103m\u00e2ntat\u0103 de 1-2 cm iar circula\u021bia se desf\u0103\u0219oar\u0103 \u00een condi\u021bii de iarn\u0103.<\/p>\n<p style=\"text-align: justify;\">Giurgiu se afl\u0103 p\u00e2n\u0103 ast\u0103zi, la ora ora 15.00, sub inciden\u021ba codului galben de lapovi\u0163\u0103 \u015fi ninsori. \u00cencep\u00e2nd din noaptea de luni, ninge \u0219i s-a depus un strat de 10-15 cm de z\u0103pad\u0103.<\/p>\n","protected":false},"excerpt":{"rendered":"<p>\u00cen jude\u0163ul Giurgiu,<\/p>\n","protected":false},"author":1,"featured_media":0,"comment_status":"open","ping_status":"open","sticky":false,"template":"","format":"standard","meta":{"footnotes":""},"categories":[6],"tags":[],"class_list":["post-50868","post","type-post","status-publish","format-standard","hentry","category-breaking-news"],"_links":{"self":[{"href":"https:\/\/www.giurgiuveanul.ro\/stiri\/wp-json\/wp\/v2\/posts\/50868","targetHints":{"allow":["GET"]}}],"collection":[{"href":"https:\/\/www.giurgiuveanul.ro\/stiri\/wp-json\/wp\/v2\/posts"}],"about":[{"href":"https:\/\/www.giurgiuveanul.ro\/stiri\/wp-json\/wp\/v2\/types\/post"}],"author":[{"embeddable":true,"href":"https:\/\/www.giurgiuveanul.ro\/stiri\/wp-json\/wp\/v2\/users\/1"}],"replies":[{"embeddable":true,"href":"https:\/\/www.giurgiuveanul.ro\/stiri\/wp-json\/wp\/v2\/comments?post=50868"}],"version-history":[{"count":0,"href":"https:\/\/www.giurgiuveanul.ro\/stiri\/wp-json\/wp\/v2\/posts\/50868\/revisions"}],"wp:attachment":[{"href":"https:\/\/www.giurgiuveanul.ro\/stiri\/wp-json\/wp\/v2\/media?parent=50868"}],"wp:term":[{"taxonomy":"category","embeddable":true,"href":"https:\/\/www.giurgiuveanul.ro\/stiri\/wp-json\/wp\/v2\/categories?post=50868"},{"taxonomy":"post_tag","embeddable":true,"href":"https:\/\/www.giurgiuveanul.ro\/stiri\/wp-json\/wp\/v2\/tags?post=50868"}],"curies":[{"name":"wp","href":"https:\/\/api.w.org\/{rel}","templated":true}]}}