{"id":50871,"date":"2018-03-20T14:20:43","date_gmt":"2018-03-20T12:20:43","guid":{"rendered":"https:\/\/www.giurgiuveanul.ro\/stiri\/?p=50871"},"modified":"2018-03-20T14:20:43","modified_gmt":"2018-03-20T12:20:43","slug":"vanator-giurgiuvean-si-administratorul-unei-pensiuni-retinuti","status":"publish","type":"post","link":"https:\/\/www.giurgiuveanul.ro\/stiri\/vanator-giurgiuvean-si-administratorul-unei-pensiuni-retinuti\/","title":{"rendered":"Un v\u00e2n\u0103tor giurgiuvean \u015fi administratorul unei pensiuni, RE\u0162INU\u0162I!"},"content":{"rendered":"<p style=\"text-align: justify;\"><strong><a href=\"https:\/\/www.giurgiuveanul.ro\/stiri\/wp-content\/uploads\/2018\/03\/arestati.jpg\"><img loading=\"lazy\" decoding=\"async\" class=\"aligncenter size-large wp-image-50872\" src=\"https:\/\/www.giurgiuveanul.ro\/stiri\/wp-content\/uploads\/2018\/03\/arestati-560x372.jpg\" alt=\"arestati\" width=\"560\" height=\"372\" srcset=\"https:\/\/www.giurgiuveanul.ro\/stiri\/wp-content\/uploads\/2018\/03\/arestati-560x372.jpg 560w, https:\/\/www.giurgiuveanul.ro\/stiri\/wp-content\/uploads\/2018\/03\/arestati-250x166.jpg 250w, https:\/\/www.giurgiuveanul.ro\/stiri\/wp-content\/uploads\/2018\/03\/arestati-400x265.jpg 400w, https:\/\/www.giurgiuveanul.ro\/stiri\/wp-content\/uploads\/2018\/03\/arestati.jpg 684w\" sizes=\"auto, (max-width: 560px) 100vw, 560px\" \/><\/a>Doi<!--more--> b\u0103rba\u0163i, unul din \u015eugag, administrator de pensiune, cel\u0103lalt v\u00e2n\u0103tor din Giurgiu, au fost re\u0163inu\u0163i, \u00een weekend, de poli\u0163i\u015ftii Serviciului Arme Explozivi, Substan\u0163e Periculoase de la IPJ Alba. Sunt cerceta\u0163i pentru braconaj cinegetic. Ace\u015ftia au fost depista\u0163i, \u00een flagrant delict, imediat dup\u0103 ce au \u00eempu\u015fcat o c\u0103prioar\u0103, pe fondul de v\u00e2n\u0103toare 43 Dobra.<\/strong><\/p>\n<p style=\"text-align: justify;\">Potrivit IPJ Alba, \u00een noaptea de 17\/18 martie a.c., \u00een jurul orei 2.15, poli\u0163i\u015ftii Sec\u0163iei 7 Poli\u0163ie Rural\u0103 Sebe\u015f, \u00een timp ce ac\u0163ionau pe DJ 106 E, pe raza localit\u0103\u0163ii Dobra, au oprit pentru control un autoturism ce era condus de un b\u0103rbat de 62 de ani, din comuna \u015eugag.\u00cen autoturism se mai aflau trei persoane, de 43, 24 \u015fi 28 de ani, trei din jude\u0163ul Alba \u015fi una din jude\u0163ul Giurgiu.Cu ocazia controlului efectuat, poli\u0163i\u015ftii au g\u0103sit \u00een autoturism o c\u0103prioar\u0103 \u00eempu\u015fcat\u0103 \u015fi o arm\u0103 de v\u00e2n\u0103toare.<\/p>\n<p style=\"text-align: justify;\">Cauza a fost preluat\u0103 de poli\u0163i\u015ftii Serviciului Arme Explozivi Substan\u0163e periculoase din IPJ Alba, specializa\u0163i \u00een prevenirea \u015fi combaterea faptelor de braconaj cinegetic.<\/p>\n<p style=\"text-align: justify;\">\u00cen urma cercet\u0103rilor efectuate de ace\u015ftia, s-a stabilit faptul c\u0103, \u00een noaptea de 17\/18 martie, b\u0103rbatul de 24 de ani, din jude\u0163ul Giurgiu, \u00een timp ce se afla pe fondul de v\u00e2n\u0103toare 43 Dobra, ar fi \u00eempu\u015fcat c\u0103prioara cu arma de v\u00e2n\u0103toare (cea g\u0103sit\u0103 \u00een autoturism), fiind ajutat de un b\u0103rbat de \u00a043 de ani, din comuna \u015eugag, administrator al unei pensiuni la care era cazat primul, care ar fi folosit un proiector pentru a identifica v\u00e2natul.<\/p>\n<p style=\"text-align: justify;\">V\u00e2n\u0103toarea a avut loc \u00een afara perioadei legale, f\u0103r\u0103 autoriza\u0163ie, cu o arma de\u0163inut\u0103 legal de c\u0103tre t\u00e2n\u0103rul din jude\u0163ul Giurgiu.<\/p>\n<p style=\"text-align: justify;\">Fa\u0163\u0103 de cei doi b\u0103rba\u0163i a fost luat\u0103 m\u0103sura re\u0163inerii, pentru o perioad\u0103 de 24 de ore, sub aspectul comiterii infrac\u021biunii de braconaj, fapt\u0103 prev\u0103zut\u0103 de Legea 407\/2006 privind v\u00e2n\u0103toarea \u015fi protec\u0163ia fondului cinegetic, iar arma de v\u00e2n\u0103tore a fost indisponibilizat\u0103.<\/p>\n","protected":false},"excerpt":{"rendered":"<p>Doi<\/p>\n","protected":false},"author":1,"featured_media":0,"comment_status":"open","ping_status":"open","sticky":false,"template":"","format":"standard","meta":{"footnotes":""},"categories":[6],"tags":[],"class_list":["post-50871","post","type-post","status-publish","format-standard","hentry","category-breaking-news"],"_links":{"self":[{"href":"https:\/\/www.giurgiuveanul.ro\/stiri\/wp-json\/wp\/v2\/posts\/50871","targetHints":{"allow":["GET"]}}],"collection":[{"href":"https:\/\/www.giurgiuveanul.ro\/stiri\/wp-json\/wp\/v2\/posts"}],"about":[{"href":"https:\/\/www.giurgiuveanul.ro\/stiri\/wp-json\/wp\/v2\/types\/post"}],"author":[{"embeddable":true,"href":"https:\/\/www.giurgiuveanul.ro\/stiri\/wp-json\/wp\/v2\/users\/1"}],"replies":[{"embeddable":true,"href":"https:\/\/www.giurgiuveanul.ro\/stiri\/wp-json\/wp\/v2\/comments?post=50871"}],"version-history":[{"count":0,"href":"https:\/\/www.giurgiuveanul.ro\/stiri\/wp-json\/wp\/v2\/posts\/50871\/revisions"}],"wp:attachment":[{"href":"https:\/\/www.giurgiuveanul.ro\/stiri\/wp-json\/wp\/v2\/media?parent=50871"}],"wp:term":[{"taxonomy":"category","embeddable":true,"href":"https:\/\/www.giurgiuveanul.ro\/stiri\/wp-json\/wp\/v2\/categories?post=50871"},{"taxonomy":"post_tag","embeddable":true,"href":"https:\/\/www.giurgiuveanul.ro\/stiri\/wp-json\/wp\/v2\/tags?post=50871"}],"curies":[{"name":"wp","href":"https:\/\/api.w.org\/{rel}","templated":true}]}}