{"id":50902,"date":"2018-03-21T10:46:39","date_gmt":"2018-03-21T08:46:39","guid":{"rendered":"https:\/\/www.giurgiuveanul.ro\/stiri\/?p=50902"},"modified":"2018-03-21T10:47:30","modified_gmt":"2018-03-21T08:47:30","slug":"anaf-firmele-sunt-obligate-sa-transmita-lunar-anumite-date-de-pe-aparatele-de-marcat-electronice-fiscale","status":"publish","type":"post","link":"https:\/\/www.giurgiuveanul.ro\/stiri\/anaf-firmele-sunt-obligate-sa-transmita-lunar-anumite-date-de-pe-aparatele-de-marcat-electronice-fiscale\/","title":{"rendered":"ANAF. Firmele sunt obligate s\u0103 transmit\u0103, lunar, anumite date de pe aparatele de marcat electronice fiscale!"},"content":{"rendered":"<p style=\"text-align: justify;\"><strong><a href=\"https:\/\/www.giurgiuveanul.ro\/stiri\/wp-content\/uploads\/2018\/03\/case-de-marcat1.jpg\"><img loading=\"lazy\" decoding=\"async\" class=\"aligncenter size-large wp-image-50905\" src=\"https:\/\/www.giurgiuveanul.ro\/stiri\/wp-content\/uploads\/2018\/03\/case-de-marcat1-560x371.jpg\" alt=\"case-de-marcat1\" width=\"560\" height=\"371\" srcset=\"https:\/\/www.giurgiuveanul.ro\/stiri\/wp-content\/uploads\/2018\/03\/case-de-marcat1-560x371.jpg 560w, https:\/\/www.giurgiuveanul.ro\/stiri\/wp-content\/uploads\/2018\/03\/case-de-marcat1-250x166.jpg 250w, https:\/\/www.giurgiuveanul.ro\/stiri\/wp-content\/uploads\/2018\/03\/case-de-marcat1-400x265.jpg 400w, https:\/\/www.giurgiuveanul.ro\/stiri\/wp-content\/uploads\/2018\/03\/case-de-marcat1.jpg 1024w\" sizes=\"auto, (max-width: 560px) 100vw, 560px\" \/><\/a>A fost<\/strong><strong><!--more-->publicat \u00een Monitorul Oficial ordinul ANAF prin care firmele vor trebui s\u0103 transmit\u0103 Fiscului anumite date, cum ar fi cele din bonul fiscal sau informa\u021bii referitoare la pornirea\/oprirea aparatului de marcat electronic fiscal. Reamintim c\u0103 din vara acestui an, operatorii economici vor trebui s\u0103 foloseasc\u0103 numai aparate de marcat cu jurnal electronic.<\/strong><\/p>\n<p style=\"text-align: justify;\">Obliga\u021bia de a transmite anumite date revine utilizatorilor aparatelor de marcat electronice fiscale \u0219i este inclus\u0103 \u00een Ordinul ANAF nr. 627\/2018, ce a intrat \u00een vigoare de luni, potrivit avocatnet.ro.<\/p>\n<p style=\"text-align: justify;\">Utilizatorii caselor de marcat cu jurnal electronic vor avea obliga\u021bia de a transmite urm\u0103toarele date, p\u00e2n\u0103 la data de 20 a lunii pentru luna anterioar\u0103:<\/p>\n<p style=\"text-align: justify;\">\u2013 datele din bonul fiscal;<\/p>\n<p style=\"text-align: justify;\">\u2013 datele din raportul fiscal de \u00eenchidere zilnic\u0103;<\/p>\n<p style=\"text-align: justify;\">\u2013 informa\u0163ii referitoare la pornirea\/oprirea aparatului de marcat electronic fiscal, \u00eencetarea func\u0163ion\u0103rii acestuia \u00een urma unor evenimente de tipul lipsa curentului electric sau \u00eentreruperea conexiunii la internet, precum \u015fi cu privire la repunerea \u00een func\u0163iune\/reconectarea aparatului.<\/p>\n<p style=\"text-align: justify;\"><strong>Transmiterea datelor se va realiza \u00een trei pa\u0219i:<\/strong><\/p>\n<p style=\"text-align: justify;\"><em>\u2013 fi\u0219ierele XML, semnate folosind certificatul digital al aparatului de marcat electronic fiscal, vor fi exportate de pe aparatul de marcat electronic fiscal pe un mediu de stocare extern;<\/em><\/p>\n<p style=\"text-align: justify;\"><em>\u2013 prin intermediul programului de asisten\u021b\u0103 pus la dispozi\u0163ie pe portalul ANAF, fi\u0219ierele XML vor fi validate \u0219i ata\u0219ate unui fi\u0219ier PDF;<\/em><\/p>\n<p style=\"text-align: justify;\"><em>\u2013 fi\u0219ierul PDF cu XML ata\u0219at, semnat cu certificat digital calificat, va fi comunicat organului fiscal prin mijloace electronice de transmitere la distan\u021b\u0103.<\/em><\/p>\n<p style=\"text-align: justify;\">Este prev\u0103zut\u0103 \u0219i introducerea \u201edeclara\u021biei privind aparatele de marcat electronice fiscale neutilizate\u201d.<\/p>\n<p style=\"text-align: justify;\">De la 1 iunie 2018, marii contribuabili \u0219i contribuabilii mijlocii vor trebui s\u0103 foloseasc\u0103 numai aparate de marcat cu jurnal electronic. De la 1 august 2018, obliga\u021bia se va aplica \u0219i contribuabililor mici.<\/p>\n<p style=\"text-align: justify;\"><em>sursa: avocatnet.ro<\/em><\/p>\n","protected":false},"excerpt":{"rendered":"<p>A fost<\/p>\n","protected":false},"author":1,"featured_media":0,"comment_status":"open","ping_status":"open","sticky":false,"template":"","format":"standard","meta":{"footnotes":""},"categories":[6],"tags":[],"class_list":["post-50902","post","type-post","status-publish","format-standard","hentry","category-breaking-news"],"_links":{"self":[{"href":"https:\/\/www.giurgiuveanul.ro\/stiri\/wp-json\/wp\/v2\/posts\/50902","targetHints":{"allow":["GET"]}}],"collection":[{"href":"https:\/\/www.giurgiuveanul.ro\/stiri\/wp-json\/wp\/v2\/posts"}],"about":[{"href":"https:\/\/www.giurgiuveanul.ro\/stiri\/wp-json\/wp\/v2\/types\/post"}],"author":[{"embeddable":true,"href":"https:\/\/www.giurgiuveanul.ro\/stiri\/wp-json\/wp\/v2\/users\/1"}],"replies":[{"embeddable":true,"href":"https:\/\/www.giurgiuveanul.ro\/stiri\/wp-json\/wp\/v2\/comments?post=50902"}],"version-history":[{"count":0,"href":"https:\/\/www.giurgiuveanul.ro\/stiri\/wp-json\/wp\/v2\/posts\/50902\/revisions"}],"wp:attachment":[{"href":"https:\/\/www.giurgiuveanul.ro\/stiri\/wp-json\/wp\/v2\/media?parent=50902"}],"wp:term":[{"taxonomy":"category","embeddable":true,"href":"https:\/\/www.giurgiuveanul.ro\/stiri\/wp-json\/wp\/v2\/categories?post=50902"},{"taxonomy":"post_tag","embeddable":true,"href":"https:\/\/www.giurgiuveanul.ro\/stiri\/wp-json\/wp\/v2\/tags?post=50902"}],"curies":[{"name":"wp","href":"https:\/\/api.w.org\/{rel}","templated":true}]}}