{"id":50923,"date":"2018-03-21T16:42:16","date_gmt":"2018-03-21T14:42:16","guid":{"rendered":"https:\/\/www.giurgiuveanul.ro\/stiri\/?p=50923"},"modified":"2018-03-21T16:47:53","modified_gmt":"2018-03-21T14:47:53","slug":"primarul-de-giurgiu-s-a-saturat-vrea-sa-puna-pancarte-pentru-nu-mai-fi-invinovatit-de-starea-jalnica-drumului-de-leatura-cu-bulgaria","status":"publish","type":"post","link":"https:\/\/www.giurgiuveanul.ro\/stiri\/primarul-de-giurgiu-s-a-saturat-vrea-sa-puna-pancarte-pentru-nu-mai-fi-invinovatit-de-starea-jalnica-drumului-de-leatura-cu-bulgaria\/","title":{"rendered":"Primarul de Giurgiu s-a s\u0103turat. Vrea s\u0103 pun\u0103 pancarte pentru a nu mai fi \u00eenvinov\u0103\u021bit de starea jalnic\u0103 a drumului de leg\u0103tur\u0103 cu Bulgaria"},"content":{"rendered":"<p style=\"text-align: justify;\"><strong><a href=\"https:\/\/www.giurgiuveanul.ro\/stiri\/wp-content\/uploads\/2018\/03\/29468834_949355465226009_3821839634317443072_o.jpg\"><img loading=\"lazy\" decoding=\"async\" class=\"aligncenter size-large wp-image-50924\" src=\"https:\/\/www.giurgiuveanul.ro\/stiri\/wp-content\/uploads\/2018\/03\/29468834_949355465226009_3821839634317443072_o-560x414.jpg\" alt=\"29468834_949355465226009_3821839634317443072_o\" width=\"560\" height=\"414\" srcset=\"https:\/\/www.giurgiuveanul.ro\/stiri\/wp-content\/uploads\/2018\/03\/29468834_949355465226009_3821839634317443072_o-560x414.jpg 560w, https:\/\/www.giurgiuveanul.ro\/stiri\/wp-content\/uploads\/2018\/03\/29468834_949355465226009_3821839634317443072_o-250x185.jpg 250w, https:\/\/www.giurgiuveanul.ro\/stiri\/wp-content\/uploads\/2018\/03\/29468834_949355465226009_3821839634317443072_o-400x296.jpg 400w, https:\/\/www.giurgiuveanul.ro\/stiri\/wp-content\/uploads\/2018\/03\/29468834_949355465226009_3821839634317443072_o.jpg 800w\" sizes=\"auto, (max-width: 560px) 100vw, 560px\" \/><\/a>Drumul de leg\u0103tur\u0103 \u00eentre <!--more-->Drumul National 5 Bucure\u015fti-Giurgiu \u015fi Podul Prieteniei, un drum tranzitat zilnic de sute de autovehicule. Pe o por\u021biune de 600 de metri, acesta este plin de capcane \u0219i reprezint\u0103 o adev\u0103rat\u0103 provocare chiar \u0219i pentru cei mai experimenta\u021bi \u0219oferi. Acesta este plin de cratere, adev\u0103rate capcane pentru \u0219oferi.<\/strong><\/p>\n<p style=\"text-align: justify;\"><a href=\"https:\/\/www.giurgiuveanul.ro\/stiri\/wp-content\/uploads\/2018\/03\/IMG_0312.jpg\"><img loading=\"lazy\" decoding=\"async\" class=\"aligncenter size-large wp-image-50925\" src=\"https:\/\/www.giurgiuveanul.ro\/stiri\/wp-content\/uploads\/2018\/03\/IMG_0312-560x445.jpg\" alt=\"IMG_0312\" width=\"560\" height=\"445\" srcset=\"https:\/\/www.giurgiuveanul.ro\/stiri\/wp-content\/uploads\/2018\/03\/IMG_0312-560x445.jpg 560w, https:\/\/www.giurgiuveanul.ro\/stiri\/wp-content\/uploads\/2018\/03\/IMG_0312-250x199.jpg 250w, https:\/\/www.giurgiuveanul.ro\/stiri\/wp-content\/uploads\/2018\/03\/IMG_0312-400x318.jpg 400w, https:\/\/www.giurgiuveanul.ro\/stiri\/wp-content\/uploads\/2018\/03\/IMG_0312.jpg 800w\" sizes=\"auto, (max-width: 560px) 100vw, 560px\" \/><\/a><\/p>\n<p style=\"text-align: justify;\"><a href=\"https:\/\/www.giurgiuveanul.ro\/stiri\/wp-content\/uploads\/2018\/03\/IMG_0309.jpg\"><img loading=\"lazy\" decoding=\"async\" class=\"aligncenter size-large wp-image-50926\" src=\"https:\/\/www.giurgiuveanul.ro\/stiri\/wp-content\/uploads\/2018\/03\/IMG_0309-560x373.jpg\" alt=\"IMG_0309\" width=\"560\" height=\"373\" srcset=\"https:\/\/www.giurgiuveanul.ro\/stiri\/wp-content\/uploads\/2018\/03\/IMG_0309-560x373.jpg 560w, https:\/\/www.giurgiuveanul.ro\/stiri\/wp-content\/uploads\/2018\/03\/IMG_0309-250x167.jpg 250w, https:\/\/www.giurgiuveanul.ro\/stiri\/wp-content\/uploads\/2018\/03\/IMG_0309-400x267.jpg 400w, https:\/\/www.giurgiuveanul.ro\/stiri\/wp-content\/uploads\/2018\/03\/IMG_0309.jpg 800w\" sizes=\"auto, (max-width: 560px) 100vw, 560px\" \/><\/a><\/p>\n<p style=\"text-align: justify;\"><a href=\"https:\/\/www.giurgiuveanul.ro\/stiri\/wp-content\/uploads\/2018\/03\/IMG_0306.jpg\"><img loading=\"lazy\" decoding=\"async\" class=\"aligncenter size-large wp-image-50927\" src=\"https:\/\/www.giurgiuveanul.ro\/stiri\/wp-content\/uploads\/2018\/03\/IMG_0306-560x403.jpg\" alt=\"IMG_0306\" width=\"560\" height=\"403\" srcset=\"https:\/\/www.giurgiuveanul.ro\/stiri\/wp-content\/uploads\/2018\/03\/IMG_0306-560x403.jpg 560w, https:\/\/www.giurgiuveanul.ro\/stiri\/wp-content\/uploads\/2018\/03\/IMG_0306-250x180.jpg 250w, https:\/\/www.giurgiuveanul.ro\/stiri\/wp-content\/uploads\/2018\/03\/IMG_0306-400x288.jpg 400w, https:\/\/www.giurgiuveanul.ro\/stiri\/wp-content\/uploads\/2018\/03\/IMG_0306.jpg 800w\" sizes=\"auto, (max-width: 560px) 100vw, 560px\" \/><\/a><\/p>\n<p style=\"text-align: justify;\">Autorit\u0103\u021bile locale spun c\u0103 drumul a fost distrus de traficul greu, dar reabilitarea lui nu este responsabilitatea lor. Ci a Ministerului Transporturilor, \u00een subordinea c\u0103ruia a fost transmis din mai 2017. S\u0103tul de criticile ci i se aduc, sus\u021bine acesta, \u00een mod nejustificat, primarul de Giurgiu, Nicolae Barbu, va monta pe acest drum panouri cu ministrul transporturilor \u0219i al\u021bi factori respnosabili de reabilitarea acestui drum. Asta ca s\u0103 \u0219tie \u0219oferii \u0219i to\u021bi cei care \u00eel critic\u0103 cine se face responsabil de faptul c\u0103 acest drum arat\u0103 deplorabil.<\/p>\n<p style=\"text-align: justify;\">Prim\u0103ria Giurgiu a cedat, \u00een 2017, acest drum de leg\u0103tur\u0103, Ministerului Transporturilor, pentru realizarea proiectului european \u201dDrum de leg\u0103tur\u0103 Vama Giurgiu-DN 5\u201d. \u00cens\u0103, procedurile de proiectare \u0219i licita\u021bie au fost demarate \u00een septembrie 2017 \u0219i vor fi de durat\u0103, iar reabilitarea se las\u0103 a\u0219teptat\u0103.<\/p>\n<p style=\"text-align: justify;\">\u0218i fostul ministru al transporturilor, R\u0103zvan Cuc, deputat de Giurgiu, s-a implicat \u00een aceast\u0103 problem\u0103 \u0219i le-a solicitat celor de la CNAIR, prin DRDP Bucure\u0219ti, s\u0103 demareze de urgen\u021b\u0103 un program de \u00eentre\u021binere pentru acest drum de leg\u0103tur\u0103 cu Vama Giurgiu, asta p\u00e2n\u0103 la demararea amplului proiect de modernizare a acestei artere de circula\u021bie.<\/p>\n<p style=\"text-align: justify;\">P\u00e2n\u0103 atunci, tirurile \u0219i autoturismele care tranziteaz\u0103 acest drum se afund\u0103 \u00een multitudinea de gropi \u0219i \u00een noroi.<\/p>\n<p style=\"text-align: justify;\"><em>Marcela Petcu<\/em><\/p>\n","protected":false},"excerpt":{"rendered":"<p>Drumul de leg\u0103tur\u0103 \u00eentre<\/p>\n","protected":false},"author":1,"featured_media":0,"comment_status":"open","ping_status":"open","sticky":false,"template":"","format":"standard","meta":{"footnotes":""},"categories":[6],"tags":[],"class_list":["post-50923","post","type-post","status-publish","format-standard","hentry","category-breaking-news"],"_links":{"self":[{"href":"https:\/\/www.giurgiuveanul.ro\/stiri\/wp-json\/wp\/v2\/posts\/50923","targetHints":{"allow":["GET"]}}],"collection":[{"href":"https:\/\/www.giurgiuveanul.ro\/stiri\/wp-json\/wp\/v2\/posts"}],"about":[{"href":"https:\/\/www.giurgiuveanul.ro\/stiri\/wp-json\/wp\/v2\/types\/post"}],"author":[{"embeddable":true,"href":"https:\/\/www.giurgiuveanul.ro\/stiri\/wp-json\/wp\/v2\/users\/1"}],"replies":[{"embeddable":true,"href":"https:\/\/www.giurgiuveanul.ro\/stiri\/wp-json\/wp\/v2\/comments?post=50923"}],"version-history":[{"count":0,"href":"https:\/\/www.giurgiuveanul.ro\/stiri\/wp-json\/wp\/v2\/posts\/50923\/revisions"}],"wp:attachment":[{"href":"https:\/\/www.giurgiuveanul.ro\/stiri\/wp-json\/wp\/v2\/media?parent=50923"}],"wp:term":[{"taxonomy":"category","embeddable":true,"href":"https:\/\/www.giurgiuveanul.ro\/stiri\/wp-json\/wp\/v2\/categories?post=50923"},{"taxonomy":"post_tag","embeddable":true,"href":"https:\/\/www.giurgiuveanul.ro\/stiri\/wp-json\/wp\/v2\/tags?post=50923"}],"curies":[{"name":"wp","href":"https:\/\/api.w.org\/{rel}","templated":true}]}}