{"id":50953,"date":"2018-03-22T08:05:35","date_gmt":"2018-03-22T06:05:35","guid":{"rendered":"https:\/\/www.giurgiuveanul.ro\/stiri\/?p=50953"},"modified":"2018-03-22T08:05:35","modified_gmt":"2018-03-22T06:05:35","slug":"scolile-din-judetul-giurgiu-inchise-din-cauza-vremii","status":"publish","type":"post","link":"https:\/\/www.giurgiuveanul.ro\/stiri\/scolile-din-judetul-giurgiu-inchise-din-cauza-vremii\/","title":{"rendered":"\u015ecolile din jude\u0163ul Giurgiu, \u00eenchise din cauza vremii!"},"content":{"rendered":"<p style=\"text-align: justify;\"><a href=\"https:\/\/www.giurgiuveanul.ro\/stiri\/wp-content\/uploads\/2018\/03\/empty-classroom-interior-wooden-desks-chairs-maps-white-board-52354235.jpg\"><img loading=\"lazy\" decoding=\"async\" class=\"aligncenter size-large wp-image-50954\" src=\"https:\/\/www.giurgiuveanul.ro\/stiri\/wp-content\/uploads\/2018\/03\/empty-classroom-interior-wooden-desks-chairs-maps-white-board-52354235-560x365.jpg\" alt=\"empty-classroom-interior-wooden-desks-chairs-maps-white-board-52354235\" width=\"560\" height=\"365\" srcset=\"https:\/\/www.giurgiuveanul.ro\/stiri\/wp-content\/uploads\/2018\/03\/empty-classroom-interior-wooden-desks-chairs-maps-white-board-52354235-560x365.jpg 560w, https:\/\/www.giurgiuveanul.ro\/stiri\/wp-content\/uploads\/2018\/03\/empty-classroom-interior-wooden-desks-chairs-maps-white-board-52354235-250x163.jpg 250w, https:\/\/www.giurgiuveanul.ro\/stiri\/wp-content\/uploads\/2018\/03\/empty-classroom-interior-wooden-desks-chairs-maps-white-board-52354235-400x261.jpg 400w, https:\/\/www.giurgiuveanul.ro\/stiri\/wp-content\/uploads\/2018\/03\/empty-classroom-interior-wooden-desks-chairs-maps-white-board-52354235.jpg 800w\" sizes=\"auto, (max-width: 560px) 100vw, 560px\" \/><\/a>Av\u00e2nd \u00een vedere <!--more-->avertizarile meteorologice de cod portocaliu, in cadrul sedintei extraordinare a CJSU Giurgiu, desfasurata ieri, la ora 16,00, s-a hotarat suspendarea cursurilor pentru vineri, 23.03.2018, in unitatile scolare de pe intreg teritoriul judetului Giurgiu.<\/p>\n<p style=\"text-align: justify;\">Masura are caracter proactiv si preventiv, avand ca scop primordial protejarea copiilor de efectele manifestarilor extreme mentionate in avertizarile ANM din data de 21.03.2018.<\/p>\n","protected":false},"excerpt":{"rendered":"<p>Av\u00e2nd \u00een vedere<\/p>\n","protected":false},"author":1,"featured_media":0,"comment_status":"open","ping_status":"open","sticky":false,"template":"","format":"standard","meta":{"footnotes":""},"categories":[6],"tags":[],"class_list":["post-50953","post","type-post","status-publish","format-standard","hentry","category-breaking-news"],"_links":{"self":[{"href":"https:\/\/www.giurgiuveanul.ro\/stiri\/wp-json\/wp\/v2\/posts\/50953","targetHints":{"allow":["GET"]}}],"collection":[{"href":"https:\/\/www.giurgiuveanul.ro\/stiri\/wp-json\/wp\/v2\/posts"}],"about":[{"href":"https:\/\/www.giurgiuveanul.ro\/stiri\/wp-json\/wp\/v2\/types\/post"}],"author":[{"embeddable":true,"href":"https:\/\/www.giurgiuveanul.ro\/stiri\/wp-json\/wp\/v2\/users\/1"}],"replies":[{"embeddable":true,"href":"https:\/\/www.giurgiuveanul.ro\/stiri\/wp-json\/wp\/v2\/comments?post=50953"}],"version-history":[{"count":0,"href":"https:\/\/www.giurgiuveanul.ro\/stiri\/wp-json\/wp\/v2\/posts\/50953\/revisions"}],"wp:attachment":[{"href":"https:\/\/www.giurgiuveanul.ro\/stiri\/wp-json\/wp\/v2\/media?parent=50953"}],"wp:term":[{"taxonomy":"category","embeddable":true,"href":"https:\/\/www.giurgiuveanul.ro\/stiri\/wp-json\/wp\/v2\/categories?post=50953"},{"taxonomy":"post_tag","embeddable":true,"href":"https:\/\/www.giurgiuveanul.ro\/stiri\/wp-json\/wp\/v2\/tags?post=50953"}],"curies":[{"name":"wp","href":"https:\/\/api.w.org\/{rel}","templated":true}]}}