{"id":50956,"date":"2018-03-22T08:23:59","date_gmt":"2018-03-22T06:23:59","guid":{"rendered":"https:\/\/www.giurgiuveanul.ro\/stiri\/?p=50956"},"modified":"2018-03-22T08:23:59","modified_gmt":"2018-03-22T06:23:59","slug":"cod-portocaliu-de-inundatii-pe-dunare-in-giurgiu","status":"publish","type":"post","link":"https:\/\/www.giurgiuveanul.ro\/stiri\/cod-portocaliu-de-inundatii-pe-dunare-in-giurgiu\/","title":{"rendered":"COD PORTOCALIU de inunda\u0163ii pe Dun\u0103re, \u00een Giurgiu!"},"content":{"rendered":"<p style=\"text-align: justify;\"><strong><a href=\"https:\/\/www.giurgiuveanul.ro\/stiri\/wp-content\/uploads\/2018\/03\/IMG_6657.jpg\"><img loading=\"lazy\" decoding=\"async\" class=\"aligncenter size-large wp-image-50957\" src=\"https:\/\/www.giurgiuveanul.ro\/stiri\/wp-content\/uploads\/2018\/03\/IMG_6657-560x405.jpg\" alt=\"IMG_6657\" width=\"560\" height=\"405\" srcset=\"https:\/\/www.giurgiuveanul.ro\/stiri\/wp-content\/uploads\/2018\/03\/IMG_6657-560x405.jpg 560w, https:\/\/www.giurgiuveanul.ro\/stiri\/wp-content\/uploads\/2018\/03\/IMG_6657-250x181.jpg 250w, https:\/\/www.giurgiuveanul.ro\/stiri\/wp-content\/uploads\/2018\/03\/IMG_6657-400x289.jpg 400w, https:\/\/www.giurgiuveanul.ro\/stiri\/wp-content\/uploads\/2018\/03\/IMG_6657.jpg 800w\" sizes=\"auto, (max-width: 560px) 100vw, 560px\" \/><\/a>Hidrologii <!--more-->au emis avertizare Cod portocaliu de inunda\u0163ii pe Dun\u0103re, sector aval Gruia &#8211; amonte Giurgiu (jude\u0163ele Mehedin\u0163i, Dolj, Olt, Teleorman \u015fi Giurgiu), \u00eencep\u00e2nd de joi diminea\u0163a p\u00e2n\u0103 pe 31 martie.<\/strong><\/p>\n<p><strong>COD GALBEN<\/strong><\/p>\n<p>\u00cen intervalul 21.03.2018 ora 15:00 &#8211; 31.03.2018 ora 18:00 pe tot sectorul rom\u00e2nesc al Dun\u0103rii, aval de S.H.E.N. Por\u0163ile de Fier, jude\u0163ele: Mehedin\u0163i, Dolj, Olt, Teleorman, Giurgiu, C\u0103l\u0103ra\u015fi, Ialomi\u0163a, Br\u0103ila, Gala\u0163i, Constan\u0163a \u015fi Tulcea.<\/p>\n<p><strong>COD PORTOCALIU<\/strong><\/p>\n<p>\u00cen intervalul 22.03.2018 ora 06:00 &#8211; 31.03.2018 ora 18:00 pe Dun\u0103re, sector aval. Gruia \u2013 amonte Giurgiu (jude\u0163ele Mehedin\u0163i, Dolj, Olt, Teleorman \u015fi Giurgiu).<\/p>\n<p>\u00cen intervalul 24.03.2018 ora 06:00 \u2013 31.03.2018 ora 18:00 pe Dun\u0103re pe sectorul H\u00e2r\u015fova \u2013 Br\u0103ila \u015fi \u020bn Delta Dun\u0103rii \u2013 jude\u0163ele Constan\u0163a, Br\u0103ila \u015fi Tulcea.<\/p>\n","protected":false},"excerpt":{"rendered":"<p>Hidrologii<\/p>\n","protected":false},"author":1,"featured_media":0,"comment_status":"open","ping_status":"open","sticky":false,"template":"","format":"standard","meta":{"footnotes":""},"categories":[6],"tags":[],"class_list":["post-50956","post","type-post","status-publish","format-standard","hentry","category-breaking-news"],"_links":{"self":[{"href":"https:\/\/www.giurgiuveanul.ro\/stiri\/wp-json\/wp\/v2\/posts\/50956","targetHints":{"allow":["GET"]}}],"collection":[{"href":"https:\/\/www.giurgiuveanul.ro\/stiri\/wp-json\/wp\/v2\/posts"}],"about":[{"href":"https:\/\/www.giurgiuveanul.ro\/stiri\/wp-json\/wp\/v2\/types\/post"}],"author":[{"embeddable":true,"href":"https:\/\/www.giurgiuveanul.ro\/stiri\/wp-json\/wp\/v2\/users\/1"}],"replies":[{"embeddable":true,"href":"https:\/\/www.giurgiuveanul.ro\/stiri\/wp-json\/wp\/v2\/comments?post=50956"}],"version-history":[{"count":0,"href":"https:\/\/www.giurgiuveanul.ro\/stiri\/wp-json\/wp\/v2\/posts\/50956\/revisions"}],"wp:attachment":[{"href":"https:\/\/www.giurgiuveanul.ro\/stiri\/wp-json\/wp\/v2\/media?parent=50956"}],"wp:term":[{"taxonomy":"category","embeddable":true,"href":"https:\/\/www.giurgiuveanul.ro\/stiri\/wp-json\/wp\/v2\/categories?post=50956"},{"taxonomy":"post_tag","embeddable":true,"href":"https:\/\/www.giurgiuveanul.ro\/stiri\/wp-json\/wp\/v2\/tags?post=50956"}],"curies":[{"name":"wp","href":"https:\/\/api.w.org\/{rel}","templated":true}]}}