{"id":50961,"date":"2018-03-22T20:09:54","date_gmt":"2018-03-22T18:09:54","guid":{"rendered":"https:\/\/www.giurgiuveanul.ro\/stiri\/?p=50961"},"modified":"2018-03-22T20:09:54","modified_gmt":"2018-03-22T18:09:54","slug":"alerta-meteo-cod-portocaliu","status":"publish","type":"post","link":"https:\/\/www.giurgiuveanul.ro\/stiri\/alerta-meteo-cod-portocaliu\/","title":{"rendered":"Alert\u0103 METEO. Cod PORTOCALIU!"},"content":{"rendered":"<p style=\"text-align: justify;\"><a href=\"https:\/\/www.giurgiuveanul.ro\/stiri\/wp-content\/uploads\/2018\/03\/IMG_0469.jpg\"><img loading=\"lazy\" decoding=\"async\" class=\"aligncenter size-large wp-image-50962\" src=\"https:\/\/www.giurgiuveanul.ro\/stiri\/wp-content\/uploads\/2018\/03\/IMG_0469-560x407.jpg\" alt=\"IMG_0469\" width=\"560\" height=\"407\" srcset=\"https:\/\/www.giurgiuveanul.ro\/stiri\/wp-content\/uploads\/2018\/03\/IMG_0469-560x407.jpg 560w, https:\/\/www.giurgiuveanul.ro\/stiri\/wp-content\/uploads\/2018\/03\/IMG_0469-250x182.jpg 250w, https:\/\/www.giurgiuveanul.ro\/stiri\/wp-content\/uploads\/2018\/03\/IMG_0469-400x291.jpg 400w, https:\/\/www.giurgiuveanul.ro\/stiri\/wp-content\/uploads\/2018\/03\/IMG_0469.jpg 800w\" sizes=\"auto, (max-width: 560px) 100vw, 560px\" \/><\/a>Administra\u0163ia Na\u0163ional\u0103 de Meteorologie (ANM) a<!--more--> prelungit, miercuri, informarea de vreme deosebit de rece, valabil\u0103 pentru \u00eentreaga \u0163ar\u0103.<\/p>\n<p style=\"text-align: justify;\">De joi de la ora 23.00, 14 jude\u0163e \u015fi Capitala vor fi sub\u00a0cod portocaliu, urm\u00e2nd a se \u00eenregistra ninsori abundente \u015fi viscol.<\/p>\n<p style=\"text-align: justify;\">De joi de la ora 23.00 \u015fi p\u00e2n\u0103 vineri la ora 15.00, 14 jude\u0163e, printre care \u0219i\u00a0 Giurgiu,\u00a0 dar \u015fi Capitala, vor fi sub\u00a0cod portocaliu care vizeaz\u0103 ninsoare abundent\u0103, strat de z\u0103pad\u0103 consistent, temporar viscol \u015fi vizibilitate sc\u0103zut\u0103.<\/p>\n<p style=\"text-align: justify;\"><em>\u201d\u00cen sudul Banatului \u015fi al Olteniei, \u00een cea mai mare parte a Munteniei \u015fi a Dobrogei ninsorile vor fi abundente, iar v\u00e2ntul va avea intensific\u0103ri cu viteze de 50\u202660 km\/h \u015fi temporar 65\u202670 km\/h, viscolind \u015fi local troienind z\u0103pada \u015fi determin\u00e2nd diminuarea vizibilit\u0103\u0163ii\u201d<\/em>, mai spun meteorologii.<\/p>\n","protected":false},"excerpt":{"rendered":"<p>Administra\u0163ia Na\u0163ional\u0103 de Meteorologie (ANM) a<\/p>\n","protected":false},"author":1,"featured_media":0,"comment_status":"open","ping_status":"open","sticky":false,"template":"","format":"standard","meta":{"footnotes":""},"categories":[6],"tags":[],"class_list":["post-50961","post","type-post","status-publish","format-standard","hentry","category-breaking-news"],"_links":{"self":[{"href":"https:\/\/www.giurgiuveanul.ro\/stiri\/wp-json\/wp\/v2\/posts\/50961","targetHints":{"allow":["GET"]}}],"collection":[{"href":"https:\/\/www.giurgiuveanul.ro\/stiri\/wp-json\/wp\/v2\/posts"}],"about":[{"href":"https:\/\/www.giurgiuveanul.ro\/stiri\/wp-json\/wp\/v2\/types\/post"}],"author":[{"embeddable":true,"href":"https:\/\/www.giurgiuveanul.ro\/stiri\/wp-json\/wp\/v2\/users\/1"}],"replies":[{"embeddable":true,"href":"https:\/\/www.giurgiuveanul.ro\/stiri\/wp-json\/wp\/v2\/comments?post=50961"}],"version-history":[{"count":0,"href":"https:\/\/www.giurgiuveanul.ro\/stiri\/wp-json\/wp\/v2\/posts\/50961\/revisions"}],"wp:attachment":[{"href":"https:\/\/www.giurgiuveanul.ro\/stiri\/wp-json\/wp\/v2\/media?parent=50961"}],"wp:term":[{"taxonomy":"category","embeddable":true,"href":"https:\/\/www.giurgiuveanul.ro\/stiri\/wp-json\/wp\/v2\/categories?post=50961"},{"taxonomy":"post_tag","embeddable":true,"href":"https:\/\/www.giurgiuveanul.ro\/stiri\/wp-json\/wp\/v2\/tags?post=50961"}],"curies":[{"name":"wp","href":"https:\/\/api.w.org\/{rel}","templated":true}]}}