{"id":50980,"date":"2018-03-23T16:01:28","date_gmt":"2018-03-23T14:01:28","guid":{"rendered":"https:\/\/www.giurgiuveanul.ro\/stiri\/?p=50980"},"modified":"2018-03-23T16:09:16","modified_gmt":"2018-03-23T14:09:16","slug":"atentie-cade-tencuiala-pompierii-giurgiuveni-solicitati-sa-intervina-foto","status":"publish","type":"post","link":"https:\/\/www.giurgiuveanul.ro\/stiri\/atentie-cade-tencuiala-pompierii-giurgiuveni-solicitati-sa-intervina-foto\/","title":{"rendered":"Aten\u0163ie, cade tencuial\u0103! Pompierii giurgiuveni, solicita\u0163i s\u0103 intervin\u0103 (FOTO)"},"content":{"rendered":"<p style=\"text-align: justify;\"><strong><a href=\"https:\/\/www.giurgiuveanul.ro\/stiri\/wp-content\/uploads\/2018\/03\/IMG-20180323-WA0017.jpg\"><img loading=\"lazy\" decoding=\"async\" class=\"aligncenter size-large wp-image-50981\" src=\"https:\/\/www.giurgiuveanul.ro\/stiri\/wp-content\/uploads\/2018\/03\/IMG-20180323-WA0017-560x315.jpg\" alt=\"IMG-20180323-WA0017\" width=\"560\" height=\"315\" srcset=\"https:\/\/www.giurgiuveanul.ro\/stiri\/wp-content\/uploads\/2018\/03\/IMG-20180323-WA0017-560x315.jpg 560w, https:\/\/www.giurgiuveanul.ro\/stiri\/wp-content\/uploads\/2018\/03\/IMG-20180323-WA0017-250x141.jpg 250w, https:\/\/www.giurgiuveanul.ro\/stiri\/wp-content\/uploads\/2018\/03\/IMG-20180323-WA0017-400x225.jpg 400w, https:\/\/www.giurgiuveanul.ro\/stiri\/wp-content\/uploads\/2018\/03\/IMG-20180323-WA0017.jpg 1600w\" sizes=\"auto, (max-width: 560px) 100vw, 560px\" \/><\/a>Pompierii\u00a0giurgiuveni\u00a0au fost solicita\u0163i s\u0103<!--more--> intervin\u0103, \u00een urm\u0103 cu pu\u0163in timp, pe bulevardul CFR. Potrivit primelor informa\u0163ii, a c\u0103zut tencuiala de pe fa\u0163ada unui balcon al unui apartament de la ultimul etaj.<\/strong><\/p>\n<p style=\"text-align: justify;\"><a href=\"https:\/\/www.giurgiuveanul.ro\/stiri\/wp-content\/uploads\/2018\/03\/29341046_1976528579087158_536816549_n.jpg\"><img loading=\"lazy\" decoding=\"async\" class=\"aligncenter size-large wp-image-50984\" src=\"https:\/\/www.giurgiuveanul.ro\/stiri\/wp-content\/uploads\/2018\/03\/29341046_1976528579087158_536816549_n-560x315.jpg\" alt=\"29341046_1976528579087158_536816549_n\" width=\"560\" height=\"315\" srcset=\"https:\/\/www.giurgiuveanul.ro\/stiri\/wp-content\/uploads\/2018\/03\/29341046_1976528579087158_536816549_n-560x315.jpg 560w, https:\/\/www.giurgiuveanul.ro\/stiri\/wp-content\/uploads\/2018\/03\/29341046_1976528579087158_536816549_n-250x141.jpg 250w, https:\/\/www.giurgiuveanul.ro\/stiri\/wp-content\/uploads\/2018\/03\/29341046_1976528579087158_536816549_n-400x225.jpg 400w, https:\/\/www.giurgiuveanul.ro\/stiri\/wp-content\/uploads\/2018\/03\/29341046_1976528579087158_536816549_n.jpg 720w\" sizes=\"auto, (max-width: 560px) 100vw, 560px\" \/><\/a><\/p>\n<p style=\"text-align: justify;\">Deta\u015famentul de pompieri\u00a0Giurgiu a fost solicitat s\u0103 intervin\u0103\u00a0 pentru a \u00eendep\u0103rta ni\u015fte elemente de construc\u0163ie desprinse de pe fa\u0163ada unui\u00a0balcon.\u00a0Pompierii intervin cu autoscara pentru a \u00eendep\u0103rta elementele de construc\u0163ie care erau par\u0163ial desprinse \u015fi care puneau \u00een pericol persoanele care treceau pe l\u00e2ng\u0103 imobil.<\/p>\n<p style=\"text-align: justify;\"><a href=\"https:\/\/www.giurgiuveanul.ro\/stiri\/wp-content\/uploads\/2018\/03\/IMG-20180323-WA0021.jpg\"><img loading=\"lazy\" decoding=\"async\" class=\"aligncenter size-large wp-image-50982\" src=\"https:\/\/www.giurgiuveanul.ro\/stiri\/wp-content\/uploads\/2018\/03\/IMG-20180323-WA0021-560x315.jpg\" alt=\"IMG-20180323-WA0021\" width=\"560\" height=\"315\" srcset=\"https:\/\/www.giurgiuveanul.ro\/stiri\/wp-content\/uploads\/2018\/03\/IMG-20180323-WA0021-560x315.jpg 560w, https:\/\/www.giurgiuveanul.ro\/stiri\/wp-content\/uploads\/2018\/03\/IMG-20180323-WA0021-250x141.jpg 250w, https:\/\/www.giurgiuveanul.ro\/stiri\/wp-content\/uploads\/2018\/03\/IMG-20180323-WA0021-400x225.jpg 400w, https:\/\/www.giurgiuveanul.ro\/stiri\/wp-content\/uploads\/2018\/03\/IMG-20180323-WA0021.jpg 1600w\" sizes=\"auto, (max-width: 560px) 100vw, 560px\" \/><\/a><\/p>\n<p style=\"text-align: justify;\"><a href=\"https:\/\/www.giurgiuveanul.ro\/stiri\/wp-content\/uploads\/2018\/03\/IMG-20180323-WA0022.jpg\"><img loading=\"lazy\" decoding=\"async\" class=\"aligncenter size-large wp-image-50983\" src=\"https:\/\/www.giurgiuveanul.ro\/stiri\/wp-content\/uploads\/2018\/03\/IMG-20180323-WA0022-560x315.jpg\" alt=\"IMG-20180323-WA0022\" width=\"560\" height=\"315\" srcset=\"https:\/\/www.giurgiuveanul.ro\/stiri\/wp-content\/uploads\/2018\/03\/IMG-20180323-WA0022-560x315.jpg 560w, https:\/\/www.giurgiuveanul.ro\/stiri\/wp-content\/uploads\/2018\/03\/IMG-20180323-WA0022-250x141.jpg 250w, https:\/\/www.giurgiuveanul.ro\/stiri\/wp-content\/uploads\/2018\/03\/IMG-20180323-WA0022-400x225.jpg 400w, https:\/\/www.giurgiuveanul.ro\/stiri\/wp-content\/uploads\/2018\/03\/IMG-20180323-WA0022.jpg 1600w\" sizes=\"auto, (max-width: 560px) 100vw, 560px\" \/><\/a><\/p>\n<p style=\"text-align: justify;\">\n<p style=\"text-align: justify;\"><strong><em>N.R. Mul\u0163umim cititorilor no\u015ftri pentru fotografiile trimise pe adresa redac\u0163iei.<\/em><\/strong><\/p>\n","protected":false},"excerpt":{"rendered":"<p>Pompierii\u00a0giurgiuveni\u00a0au fost solicita\u0163i s\u0103<\/p>\n","protected":false},"author":1,"featured_media":0,"comment_status":"open","ping_status":"open","sticky":false,"template":"","format":"standard","meta":{"footnotes":""},"categories":[6],"tags":[],"class_list":["post-50980","post","type-post","status-publish","format-standard","hentry","category-breaking-news"],"_links":{"self":[{"href":"https:\/\/www.giurgiuveanul.ro\/stiri\/wp-json\/wp\/v2\/posts\/50980","targetHints":{"allow":["GET"]}}],"collection":[{"href":"https:\/\/www.giurgiuveanul.ro\/stiri\/wp-json\/wp\/v2\/posts"}],"about":[{"href":"https:\/\/www.giurgiuveanul.ro\/stiri\/wp-json\/wp\/v2\/types\/post"}],"author":[{"embeddable":true,"href":"https:\/\/www.giurgiuveanul.ro\/stiri\/wp-json\/wp\/v2\/users\/1"}],"replies":[{"embeddable":true,"href":"https:\/\/www.giurgiuveanul.ro\/stiri\/wp-json\/wp\/v2\/comments?post=50980"}],"version-history":[{"count":0,"href":"https:\/\/www.giurgiuveanul.ro\/stiri\/wp-json\/wp\/v2\/posts\/50980\/revisions"}],"wp:attachment":[{"href":"https:\/\/www.giurgiuveanul.ro\/stiri\/wp-json\/wp\/v2\/media?parent=50980"}],"wp:term":[{"taxonomy":"category","embeddable":true,"href":"https:\/\/www.giurgiuveanul.ro\/stiri\/wp-json\/wp\/v2\/categories?post=50980"},{"taxonomy":"post_tag","embeddable":true,"href":"https:\/\/www.giurgiuveanul.ro\/stiri\/wp-json\/wp\/v2\/tags?post=50980"}],"curies":[{"name":"wp","href":"https:\/\/api.w.org\/{rel}","templated":true}]}}