{"id":50988,"date":"2018-03-23T19:22:47","date_gmt":"2018-03-23T17:22:47","guid":{"rendered":"https:\/\/www.giurgiuveanul.ro\/stiri\/?p=50988"},"modified":"2018-03-23T19:36:05","modified_gmt":"2018-03-23T17:36:05","slug":"ziua-politiei-romane-sarbatorita-la-inspectoratul-de-politie-judetean-giurgiu-foto-2","status":"publish","type":"post","link":"https:\/\/www.giurgiuveanul.ro\/stiri\/ziua-politiei-romane-sarbatorita-la-inspectoratul-de-politie-judetean-giurgiu-foto-2\/","title":{"rendered":"ZIUA POLI\u0162IEI ROM\u00c2NE, s\u0103rb\u0103torit\u0103 la Inspectoratul de Poli\u0163ie Jude\u0163ean Giurgiu (FOTO)"},"content":{"rendered":"<p style=\"text-align: justify;\"><strong><a href=\"https:\/\/www.giurgiuveanul.ro\/stiri\/wp-content\/uploads\/2018\/03\/IMG_0700.jpg\"><img loading=\"lazy\" decoding=\"async\" class=\"aligncenter size-large wp-image-50989\" src=\"https:\/\/www.giurgiuveanul.ro\/stiri\/wp-content\/uploads\/2018\/03\/IMG_0700-560x370.jpg\" alt=\"IMG_0700\" width=\"560\" height=\"370\" srcset=\"https:\/\/www.giurgiuveanul.ro\/stiri\/wp-content\/uploads\/2018\/03\/IMG_0700-560x370.jpg 560w, https:\/\/www.giurgiuveanul.ro\/stiri\/wp-content\/uploads\/2018\/03\/IMG_0700-250x165.jpg 250w, https:\/\/www.giurgiuveanul.ro\/stiri\/wp-content\/uploads\/2018\/03\/IMG_0700-400x265.jpg 400w, https:\/\/www.giurgiuveanul.ro\/stiri\/wp-content\/uploads\/2018\/03\/IMG_0700.jpg 800w\" sizes=\"auto, (max-width: 560px) 100vw, 560px\" \/><\/a>Ast\u0103zi, 23 martie 2018, cu prilejul Zilei Poli\u0163iei, Inspectoratul de Poli\u0163ie Jude\u0163ean Giurgiu a organizat la sediul institu\u021biei<!--more--> Ziua Por\u021bilor Deschise, ocazie cu care vizitatorii s-au putut familiariza cu activit\u0103\u0163ile desf\u0103\u015furate de structurile poli\u0163iei.<\/strong><\/p>\n<p style=\"text-align: justify;\">\u00cencep\u00e2nd cu ora 11.00, \u00een sala de festivit\u0103\u021bi a Inspectoratului de Poli\u021bie Jude\u021bean Giurgiu al\u0103turi de invita\u021bi din partea presei s-a desf\u0103\u0219urat o \u0219edin\u021b\u0103 festiv\u0103, fiind prezentat\u0103 semnifica\u021bia Zilei Poli\u021biei Rom\u00e2ne \u0219i mesajele doamnei ministru al Ministerului Afacerilor Interne \u0219i Inspectorului General al Poli\u021biei Rom\u00e2ne.<\/p>\n<p style=\"text-align: justify;\"><a href=\"https:\/\/www.giurgiuveanul.ro\/stiri\/wp-content\/uploads\/2018\/03\/Politie-1.png\"><img loading=\"lazy\" decoding=\"async\" class=\"aligncenter size-large wp-image-50990\" src=\"https:\/\/www.giurgiuveanul.ro\/stiri\/wp-content\/uploads\/2018\/03\/Politie-1-560x369.png\" alt=\"Politie 1\" width=\"560\" height=\"369\" srcset=\"https:\/\/www.giurgiuveanul.ro\/stiri\/wp-content\/uploads\/2018\/03\/Politie-1-560x369.png 560w, https:\/\/www.giurgiuveanul.ro\/stiri\/wp-content\/uploads\/2018\/03\/Politie-1-250x165.png 250w, https:\/\/www.giurgiuveanul.ro\/stiri\/wp-content\/uploads\/2018\/03\/Politie-1-400x264.png 400w, https:\/\/www.giurgiuveanul.ro\/stiri\/wp-content\/uploads\/2018\/03\/Politie-1.png 800w\" sizes=\"auto, (max-width: 560px) 100vw, 560px\" \/><\/a><\/p>\n<p style=\"text-align: justify;\"><a href=\"https:\/\/www.giurgiuveanul.ro\/stiri\/wp-content\/uploads\/2018\/03\/Politie-2.png\"><img loading=\"lazy\" decoding=\"async\" class=\"aligncenter size-large wp-image-50991\" src=\"https:\/\/www.giurgiuveanul.ro\/stiri\/wp-content\/uploads\/2018\/03\/Politie-2-560x389.png\" alt=\"Politie 2\" width=\"560\" height=\"389\" srcset=\"https:\/\/www.giurgiuveanul.ro\/stiri\/wp-content\/uploads\/2018\/03\/Politie-2-560x389.png 560w, https:\/\/www.giurgiuveanul.ro\/stiri\/wp-content\/uploads\/2018\/03\/Politie-2-250x174.png 250w, https:\/\/www.giurgiuveanul.ro\/stiri\/wp-content\/uploads\/2018\/03\/Politie-2-400x278.png 400w, https:\/\/www.giurgiuveanul.ro\/stiri\/wp-content\/uploads\/2018\/03\/Politie-2.png 800w\" sizes=\"auto, (max-width: 560px) 100vw, 560px\" \/><\/a><\/p>\n<p style=\"text-align: justify;\">Ofi\u021beri \u0219i agen\u021bi, speciali\u0219ti \u00een domeniul criminalistic, prevenirii criminalit\u0103\u0163ii, resurselor umane \u015fi poli\u0163i\u015fti de proximitate au prezentat informa\u0163ii despre activit\u0103\u0163ile specifice, metodele folosite \u00een capturarea unor suspec\u0163i, rolul \u015fi locul poli\u0163istului \u00een comunitate, totodat\u0103 fiind f\u0103cute \u0219i ofertele educa\u021bionale ale \u0219colilor de poli\u021bie.<\/p>\n<p style=\"text-align: justify;\">Poli\u021bi\u0219tii au prezentat vizitatorilor, echipamentul de protec\u0163ie al Serviciului de Ac\u021biuni Speciale, armamentul, mijloacele tehnice, organiz\u00e2nd \u0219i o sesiune de informare pe teme de prevenire a delincven\u021bei juvenile, recomand\u0103ri de prevenire a criminalit\u0103\u021bii, prezentare de materiale de informare.<\/p>\n<p style=\"text-align: justify;\"><a href=\"https:\/\/www.giurgiuveanul.ro\/stiri\/wp-content\/uploads\/2018\/03\/IMG_0732.jpg\"><img loading=\"lazy\" decoding=\"async\" class=\"aligncenter size-large wp-image-50992\" src=\"https:\/\/www.giurgiuveanul.ro\/stiri\/wp-content\/uploads\/2018\/03\/IMG_0732-560x397.jpg\" alt=\"IMG_0732\" width=\"560\" height=\"397\" srcset=\"https:\/\/www.giurgiuveanul.ro\/stiri\/wp-content\/uploads\/2018\/03\/IMG_0732-560x397.jpg 560w, https:\/\/www.giurgiuveanul.ro\/stiri\/wp-content\/uploads\/2018\/03\/IMG_0732-250x177.jpg 250w, https:\/\/www.giurgiuveanul.ro\/stiri\/wp-content\/uploads\/2018\/03\/IMG_0732-400x284.jpg 400w, https:\/\/www.giurgiuveanul.ro\/stiri\/wp-content\/uploads\/2018\/03\/IMG_0732.jpg 800w\" sizes=\"auto, (max-width: 560px) 100vw, 560px\" \/><\/a><\/p>\n<p style=\"text-align: justify;\"><a href=\"https:\/\/www.giurgiuveanul.ro\/stiri\/wp-content\/uploads\/2018\/03\/IMG_0739.jpg\"><img loading=\"lazy\" decoding=\"async\" class=\"aligncenter size-large wp-image-50993\" src=\"https:\/\/www.giurgiuveanul.ro\/stiri\/wp-content\/uploads\/2018\/03\/IMG_0739-560x407.jpg\" alt=\"IMG_0739\" width=\"560\" height=\"407\" srcset=\"https:\/\/www.giurgiuveanul.ro\/stiri\/wp-content\/uploads\/2018\/03\/IMG_0739-560x407.jpg 560w, https:\/\/www.giurgiuveanul.ro\/stiri\/wp-content\/uploads\/2018\/03\/IMG_0739-250x182.jpg 250w, https:\/\/www.giurgiuveanul.ro\/stiri\/wp-content\/uploads\/2018\/03\/IMG_0739-400x291.jpg 400w, https:\/\/www.giurgiuveanul.ro\/stiri\/wp-content\/uploads\/2018\/03\/IMG_0739.jpg 800w\" sizes=\"auto, (max-width: 560px) 100vw, 560px\" \/><\/a><\/p>\n<p style=\"text-align: justify;\"><a href=\"https:\/\/www.giurgiuveanul.ro\/stiri\/wp-content\/uploads\/2018\/03\/IMG_0744.jpg\"><img loading=\"lazy\" decoding=\"async\" class=\"aligncenter size-large wp-image-50994\" src=\"https:\/\/www.giurgiuveanul.ro\/stiri\/wp-content\/uploads\/2018\/03\/IMG_0744-545x450.jpg\" alt=\"IMG_0744\" width=\"545\" height=\"450\" srcset=\"https:\/\/www.giurgiuveanul.ro\/stiri\/wp-content\/uploads\/2018\/03\/IMG_0744-545x450.jpg 545w, https:\/\/www.giurgiuveanul.ro\/stiri\/wp-content\/uploads\/2018\/03\/IMG_0744-250x207.jpg 250w, https:\/\/www.giurgiuveanul.ro\/stiri\/wp-content\/uploads\/2018\/03\/IMG_0744-400x331.jpg 400w, https:\/\/www.giurgiuveanul.ro\/stiri\/wp-content\/uploads\/2018\/03\/IMG_0744.jpg 800w\" sizes=\"auto, (max-width: 545px) 100vw, 545px\" \/><\/a><\/p>\n<p style=\"text-align: justify;\"><a href=\"https:\/\/www.giurgiuveanul.ro\/stiri\/wp-content\/uploads\/2018\/03\/IMG_5206.jpg\"><img loading=\"lazy\" decoding=\"async\" class=\"aligncenter size-large wp-image-50998\" src=\"https:\/\/www.giurgiuveanul.ro\/stiri\/wp-content\/uploads\/2018\/03\/IMG_5206-560x374.jpg\" alt=\"IMG_5206\" width=\"560\" height=\"374\" srcset=\"https:\/\/www.giurgiuveanul.ro\/stiri\/wp-content\/uploads\/2018\/03\/IMG_5206-560x374.jpg 560w, https:\/\/www.giurgiuveanul.ro\/stiri\/wp-content\/uploads\/2018\/03\/IMG_5206-250x167.jpg 250w, https:\/\/www.giurgiuveanul.ro\/stiri\/wp-content\/uploads\/2018\/03\/IMG_5206-400x267.jpg 400w, https:\/\/www.giurgiuveanul.ro\/stiri\/wp-content\/uploads\/2018\/03\/IMG_5206.jpg 1024w\" sizes=\"auto, (max-width: 560px) 100vw, 560px\" \/><\/a><\/p>\n<p style=\"text-align: justify;\">\u00cen cadrul evenimentului elevii \u0219i copii au vizitat institu\u021bia fiindu-le prezentate principalele servicii din componen\u021b\u0103, centrul opera\u021bional \u0219i nu \u00een ultimul r\u00e2nd biroul \u0219efului, inspectoratului de poli\u021bie unde au fost primi\u021bii cu dulciuri \u0219i bomboane.<\/p>\n<p style=\"text-align: justify;\"><a href=\"https:\/\/www.giurgiuveanul.ro\/stiri\/wp-content\/uploads\/2018\/03\/IMG_0713.jpg\"><img loading=\"lazy\" decoding=\"async\" class=\"aligncenter size-large wp-image-50995\" src=\"https:\/\/www.giurgiuveanul.ro\/stiri\/wp-content\/uploads\/2018\/03\/IMG_0713-501x450.jpg\" alt=\"IMG_0713\" width=\"501\" height=\"450\" srcset=\"https:\/\/www.giurgiuveanul.ro\/stiri\/wp-content\/uploads\/2018\/03\/IMG_0713-501x450.jpg 501w, https:\/\/www.giurgiuveanul.ro\/stiri\/wp-content\/uploads\/2018\/03\/IMG_0713-250x224.jpg 250w, https:\/\/www.giurgiuveanul.ro\/stiri\/wp-content\/uploads\/2018\/03\/IMG_0713-400x359.jpg 400w, https:\/\/www.giurgiuveanul.ro\/stiri\/wp-content\/uploads\/2018\/03\/IMG_0713.jpg 800w\" sizes=\"auto, (max-width: 501px) 100vw, 501px\" \/><\/a><\/p>\n<p style=\"text-align: justify;\">La manifestarea de ast\u0103zi au participat elevi, profesori din unit\u0103\u021bile de \u00eenv\u0103\u021b\u0103m\u00e2nt,\u00a0 cet\u0103\u021beni \u0219i reprezentan\u021bi mass-media.<\/p>\n<p style=\"text-align: justify;\">Conducerea I.P.J. Giurgiu a acordat invita\u021biilor diplome de excelen\u021b\u0103 pentru buna colaborare interinstitu\u021bional\u0103.<\/p>\n<p style=\"text-align: justify;\"><a href=\"https:\/\/www.giurgiuveanul.ro\/stiri\/wp-content\/uploads\/2018\/03\/IMG_0757-2.jpg\"><img loading=\"lazy\" decoding=\"async\" class=\"aligncenter size-large wp-image-50996\" src=\"https:\/\/www.giurgiuveanul.ro\/stiri\/wp-content\/uploads\/2018\/03\/IMG_0757-2-556x450.jpg\" alt=\"IMG_0757-2\" width=\"556\" height=\"450\" srcset=\"https:\/\/www.giurgiuveanul.ro\/stiri\/wp-content\/uploads\/2018\/03\/IMG_0757-2-556x450.jpg 556w, https:\/\/www.giurgiuveanul.ro\/stiri\/wp-content\/uploads\/2018\/03\/IMG_0757-2-250x203.jpg 250w, https:\/\/www.giurgiuveanul.ro\/stiri\/wp-content\/uploads\/2018\/03\/IMG_0757-2-400x324.jpg 400w, https:\/\/www.giurgiuveanul.ro\/stiri\/wp-content\/uploads\/2018\/03\/IMG_0757-2.jpg 800w\" sizes=\"auto, (max-width: 556px) 100vw, 556px\" \/><\/a><\/p>\n","protected":false},"excerpt":{"rendered":"<p>Ast\u0103zi, 23 martie 2018, cu prilejul Zilei Poli\u0163iei, Inspectoratul de Poli\u0163ie Jude\u0163ean Giurgiu a organizat la sediul institu\u021biei<\/p>\n","protected":false},"author":1,"featured_media":0,"comment_status":"open","ping_status":"open","sticky":false,"template":"","format":"standard","meta":{"footnotes":""},"categories":[6],"tags":[],"class_list":["post-50988","post","type-post","status-publish","format-standard","hentry","category-breaking-news"],"_links":{"self":[{"href":"https:\/\/www.giurgiuveanul.ro\/stiri\/wp-json\/wp\/v2\/posts\/50988","targetHints":{"allow":["GET"]}}],"collection":[{"href":"https:\/\/www.giurgiuveanul.ro\/stiri\/wp-json\/wp\/v2\/posts"}],"about":[{"href":"https:\/\/www.giurgiuveanul.ro\/stiri\/wp-json\/wp\/v2\/types\/post"}],"author":[{"embeddable":true,"href":"https:\/\/www.giurgiuveanul.ro\/stiri\/wp-json\/wp\/v2\/users\/1"}],"replies":[{"embeddable":true,"href":"https:\/\/www.giurgiuveanul.ro\/stiri\/wp-json\/wp\/v2\/comments?post=50988"}],"version-history":[{"count":0,"href":"https:\/\/www.giurgiuveanul.ro\/stiri\/wp-json\/wp\/v2\/posts\/50988\/revisions"}],"wp:attachment":[{"href":"https:\/\/www.giurgiuveanul.ro\/stiri\/wp-json\/wp\/v2\/media?parent=50988"}],"wp:term":[{"taxonomy":"category","embeddable":true,"href":"https:\/\/www.giurgiuveanul.ro\/stiri\/wp-json\/wp\/v2\/categories?post=50988"},{"taxonomy":"post_tag","embeddable":true,"href":"https:\/\/www.giurgiuveanul.ro\/stiri\/wp-json\/wp\/v2\/tags?post=50988"}],"curies":[{"name":"wp","href":"https:\/\/api.w.org\/{rel}","templated":true}]}}