{"id":51007,"date":"2018-03-24T12:19:38","date_gmt":"2018-03-24T10:19:38","guid":{"rendered":"https:\/\/www.giurgiuveanul.ro\/stiri\/?p=51007"},"modified":"2018-03-24T12:19:38","modified_gmt":"2018-03-24T10:19:38","slug":"inca-mandat-de-executare-pedepsei-cu-inchisoarea-pus-in-aplicare-de-politisti","status":"publish","type":"post","link":"https:\/\/www.giurgiuveanul.ro\/stiri\/inca-mandat-de-executare-pedepsei-cu-inchisoarea-pus-in-aplicare-de-politisti\/","title":{"rendered":"\u00cenc\u0103 un mandat de executare a pedepsei cu \u00eenchisoarea, pus \u00een aplicare de poli\u021bi\u0219ti"},"content":{"rendered":"<p style=\"text-align: justify;\"><a href=\"https:\/\/www.giurgiuveanul.ro\/stiri\/wp-content\/uploads\/2018\/03\/catuse-justitie.jpg\"><img loading=\"lazy\" decoding=\"async\" class=\"aligncenter size-large wp-image-51008\" src=\"https:\/\/www.giurgiuveanul.ro\/stiri\/wp-content\/uploads\/2018\/03\/catuse-justitie-560x373.jpg\" alt=\"catuse-justitie\" width=\"560\" height=\"373\" srcset=\"https:\/\/www.giurgiuveanul.ro\/stiri\/wp-content\/uploads\/2018\/03\/catuse-justitie-560x373.jpg 560w, https:\/\/www.giurgiuveanul.ro\/stiri\/wp-content\/uploads\/2018\/03\/catuse-justitie-250x166.jpg 250w, https:\/\/www.giurgiuveanul.ro\/stiri\/wp-content\/uploads\/2018\/03\/catuse-justitie-400x266.jpg 400w, https:\/\/www.giurgiuveanul.ro\/stiri\/wp-content\/uploads\/2018\/03\/catuse-justitie.jpg 640w\" sizes=\"auto, (max-width: 560px) 100vw, 560px\" \/><\/a>Recent, poli\u021bi\u0219tii din cadrul Serviciului de Investiga\u021bii Criminale <!--more-->au depistat \u0219i re\u021binut un b\u0103rbat de 27 de ani, din municipiul Giurgiu, jude\u021bul Giurgiu.<\/p>\n<p style=\"text-align: justify;\">Judec\u0103toria Giurgiu a emis pe numele s\u0103u un mandat de executare a unei pedepse privative de libertate, fiind condamnat la un an \u0219i \u0219apte luni \u00eenchisoare \u00een regim de deten\u021bie, pentru comiterea unor infrac\u021biuni la regimul rutier.<\/p>\n<p style=\"text-align: justify;\">Cel \u00een cauz\u0103 a fost \u00eencarcerat \u00een Penitenciarul Giurgiu, pentru executarea pedepsei la care a fost condamnat.<\/p>\n","protected":false},"excerpt":{"rendered":"<p>Recent, poli\u021bi\u0219tii din cadrul Serviciului de Investiga\u021bii Criminale<\/p>\n","protected":false},"author":1,"featured_media":0,"comment_status":"open","ping_status":"open","sticky":false,"template":"","format":"standard","meta":{"footnotes":""},"categories":[6],"tags":[],"class_list":["post-51007","post","type-post","status-publish","format-standard","hentry","category-breaking-news"],"_links":{"self":[{"href":"https:\/\/www.giurgiuveanul.ro\/stiri\/wp-json\/wp\/v2\/posts\/51007","targetHints":{"allow":["GET"]}}],"collection":[{"href":"https:\/\/www.giurgiuveanul.ro\/stiri\/wp-json\/wp\/v2\/posts"}],"about":[{"href":"https:\/\/www.giurgiuveanul.ro\/stiri\/wp-json\/wp\/v2\/types\/post"}],"author":[{"embeddable":true,"href":"https:\/\/www.giurgiuveanul.ro\/stiri\/wp-json\/wp\/v2\/users\/1"}],"replies":[{"embeddable":true,"href":"https:\/\/www.giurgiuveanul.ro\/stiri\/wp-json\/wp\/v2\/comments?post=51007"}],"version-history":[{"count":0,"href":"https:\/\/www.giurgiuveanul.ro\/stiri\/wp-json\/wp\/v2\/posts\/51007\/revisions"}],"wp:attachment":[{"href":"https:\/\/www.giurgiuveanul.ro\/stiri\/wp-json\/wp\/v2\/media?parent=51007"}],"wp:term":[{"taxonomy":"category","embeddable":true,"href":"https:\/\/www.giurgiuveanul.ro\/stiri\/wp-json\/wp\/v2\/categories?post=51007"},{"taxonomy":"post_tag","embeddable":true,"href":"https:\/\/www.giurgiuveanul.ro\/stiri\/wp-json\/wp\/v2\/tags?post=51007"}],"curies":[{"name":"wp","href":"https:\/\/api.w.org\/{rel}","templated":true}]}}