{"id":51026,"date":"2018-03-24T14:07:45","date_gmt":"2018-03-24T12:07:45","guid":{"rendered":"https:\/\/www.giurgiuveanul.ro\/stiri\/?p=51026"},"modified":"2018-03-24T14:07:45","modified_gmt":"2018-03-24T12:07:45","slug":"ora-de-vara-2018-cum-se-schimba-ora-in-romania-vezi-aici","status":"publish","type":"post","link":"https:\/\/www.giurgiuveanul.ro\/stiri\/ora-de-vara-2018-cum-se-schimba-ora-in-romania-vezi-aici\/","title":{"rendered":"Ora de var\u0103 2018. Cum se schimb\u0103 ora \u00een Rom\u00e2nia VEZI AICI"},"content":{"rendered":"<p style=\"text-align: justify;\"><strong><a href=\"https:\/\/www.giurgiuveanul.ro\/stiri\/wp-content\/uploads\/2018\/03\/2239326.main_image.jpg\"><img loading=\"lazy\" decoding=\"async\" class=\"aligncenter size-large wp-image-51028\" src=\"https:\/\/www.giurgiuveanul.ro\/stiri\/wp-content\/uploads\/2018\/03\/2239326.main_image-560x356.jpg\" alt=\"2239326.main_image\" width=\"560\" height=\"356\" srcset=\"https:\/\/www.giurgiuveanul.ro\/stiri\/wp-content\/uploads\/2018\/03\/2239326.main_image-560x356.jpg 560w, https:\/\/www.giurgiuveanul.ro\/stiri\/wp-content\/uploads\/2018\/03\/2239326.main_image-250x159.jpg 250w, https:\/\/www.giurgiuveanul.ro\/stiri\/wp-content\/uploads\/2018\/03\/2239326.main_image-400x254.jpg 400w, https:\/\/www.giurgiuveanul.ro\/stiri\/wp-content\/uploads\/2018\/03\/2239326.main_image.jpg 960w\" sizes=\"auto, (max-width: 560px) 100vw, 560px\" \/><\/a>Ora de var\u0103 2018 <!--more-->e adoptat\u0103 de Rom\u00e2nia \u00een noaptea de s\u00e2mb\u0103t\u0103 spre duminic\u0103. Ceasurile se dau \u00eenainte cu o or\u0103.<\/strong><\/p>\n<p style=\"text-align: justify;\">\u00cen Rom\u00e2nia, duminic\u0103, ora 03.00 devine ora 04.00. Astfel, ziua de 25 martie devine cea mai scurt\u0103 din an. Efectiv, avea doar 23 de ore \u0219i, practic, vom dormi mai pu\u021bin \u00een aceast\u0103 noapte.<\/p>\n<p style=\"text-align: justify;\">Dup\u0103 ce a trecut la ora de var\u0103, Rom\u00e2nia se va afla la o diferen\u021b\u0103 de 3 ore \u00een plus fa\u021b\u0103 de Timpul Universal Coordonat (UTC+3 sau GMT+3).<\/p>\n<p style=\"text-align: justify;\">Schimbarea nu va afecta mersul trenurilor, care a fost adaptat de c\u00e2\u021biva ani la aceast\u0103 modificare.<\/p>\n<p style=\"text-align: justify;\"><strong>C\u00e2nd \u0219i de ce se schimb\u0103 ora<\/strong><\/p>\n<p style=\"text-align: justify;\">Ora de var\u0103 este adoptat\u0103 pentru a beneficia c\u00e2t mai mult de lumina natural\u0103, cea a Soarelui, pe o perioad\u0103 c\u00e2t mai lung\u0103 din zi. Modificarea are inclusiv scopuri economice. Astfel, prin exploatarea luminii naturale, se reu\u0219e\u0219te economisirea de energie.<\/p>\n<p style=\"text-align: justify;\">UE schimb\u0103 ora \u00een ultima duminic\u0103 din luna martie a fiec\u0103rui an. Rom\u00e2nia s-a raliat la acest sistem european\u00a0 \u00eenc\u0103 din 1997, cu 10 ani \u00eenainte de a intra \u00een UE.<\/p>\n<p style=\"text-align: justify;\">\u00cen schimb, \u021bara noastr\u0103 a adoptat ora de var\u0103 mult mai devreme, \u00eenc\u0103 din 1932, dar trecea la o dat\u0103 diferit\u0103 fa\u021b\u0103 de alte \u021b\u0103ri. \u00centre 1943 \u0219i 1949 a suspendat schimbarea orei.<\/p>\n<p style=\"text-align: justify;\"><strong>Planuri de eliminare a orei de var\u0103<\/strong><\/p>\n<p style=\"text-align: justify;\">Acest sistem are \u0219i critici, care, de-a lungul timpului, au prezentat ini\u021biative pentru a renun\u021ba la el. Cea mai recent\u0103 tentativ\u0103 a fost \u00een acest an, c\u00e2nd, \u00een Parlamentul European a fost \u00eenaintat\u0103 o rezolu\u021bie de eliminare a orei de var\u0103.<\/p>\n<p style=\"text-align: justify;\">\u00cen Rom\u00e2nia, de asemenea, exist\u0103 un proiect de lege depus la Senat care vizeaz\u0103 renun\u021barea la regula de a mai schimba ora.<\/p>\n<p style=\"text-align: justify;\"><strong>C\u00e2nd se trece la ora de iarn\u0103 2018<\/strong><\/p>\n<p style=\"text-align: justify;\">Ora pierdut\u0103 pe 25 martie este recuperat\u0103 c\u00e2nd se va trece la ora de iarn\u0103 2018. \u00cen UE, schimbarea se produce \u00een ultima duminic\u0103 din luna octombrie a fiec\u0103rui an. Astfel, \u00een 2018, schimbarea orei va fi pe 28 octombrie, care devine cea mai lung\u0103 zi din an.<\/p>\n<p style=\"text-align: justify;\">Ceasurile se dau \u00eenapoi cu o or\u0103. Atunci, Rom\u00e2nia va fi la o diferen\u021b\u0103 de 2 ore de Timpul Universal Coordonat (UTC+2\/GMT+2).<\/p>\n","protected":false},"excerpt":{"rendered":"<p>Ora de var\u0103 2018<\/p>\n","protected":false},"author":1,"featured_media":0,"comment_status":"open","ping_status":"open","sticky":false,"template":"","format":"standard","meta":{"footnotes":""},"categories":[6],"tags":[],"class_list":["post-51026","post","type-post","status-publish","format-standard","hentry","category-breaking-news"],"_links":{"self":[{"href":"https:\/\/www.giurgiuveanul.ro\/stiri\/wp-json\/wp\/v2\/posts\/51026","targetHints":{"allow":["GET"]}}],"collection":[{"href":"https:\/\/www.giurgiuveanul.ro\/stiri\/wp-json\/wp\/v2\/posts"}],"about":[{"href":"https:\/\/www.giurgiuveanul.ro\/stiri\/wp-json\/wp\/v2\/types\/post"}],"author":[{"embeddable":true,"href":"https:\/\/www.giurgiuveanul.ro\/stiri\/wp-json\/wp\/v2\/users\/1"}],"replies":[{"embeddable":true,"href":"https:\/\/www.giurgiuveanul.ro\/stiri\/wp-json\/wp\/v2\/comments?post=51026"}],"version-history":[{"count":0,"href":"https:\/\/www.giurgiuveanul.ro\/stiri\/wp-json\/wp\/v2\/posts\/51026\/revisions"}],"wp:attachment":[{"href":"https:\/\/www.giurgiuveanul.ro\/stiri\/wp-json\/wp\/v2\/media?parent=51026"}],"wp:term":[{"taxonomy":"category","embeddable":true,"href":"https:\/\/www.giurgiuveanul.ro\/stiri\/wp-json\/wp\/v2\/categories?post=51026"},{"taxonomy":"post_tag","embeddable":true,"href":"https:\/\/www.giurgiuveanul.ro\/stiri\/wp-json\/wp\/v2\/tags?post=51026"}],"curies":[{"name":"wp","href":"https:\/\/api.w.org\/{rel}","templated":true}]}}