{"id":51030,"date":"2018-03-24T14:43:55","date_gmt":"2018-03-24T12:43:55","guid":{"rendered":"https:\/\/www.giurgiuveanul.ro\/stiri\/?p=51030"},"modified":"2018-03-24T19:30:03","modified_gmt":"2018-03-24T17:30:03","slug":"administrarea-obligatiilor-fiscale-datorate-de-contribuabilii-mijlocii-trece-la-ajfp-de-cand-afla-aici","status":"publish","type":"post","link":"https:\/\/www.giurgiuveanul.ro\/stiri\/administrarea-obligatiilor-fiscale-datorate-de-contribuabilii-mijlocii-trece-la-ajfp-de-cand-afla-aici\/","title":{"rendered":"Administrarea obliga\u021biilor fiscale datorate de contribuabilii mijlocii trece la AJFP! De c\u00e2nd AFLI AICI"},"content":{"rendered":"<p style=\"text-align: justify;\"><strong><a href=\"https:\/\/www.giurgiuveanul.ro\/stiri\/wp-content\/uploads\/2018\/03\/IMG_3304-2.jpg\"><img loading=\"lazy\" decoding=\"async\" class=\"aligncenter size-large wp-image-51031\" src=\"https:\/\/www.giurgiuveanul.ro\/stiri\/wp-content\/uploads\/2018\/03\/IMG_3304-2-560x416.jpg\" alt=\"IMG_3304-2\" width=\"560\" height=\"416\" srcset=\"https:\/\/www.giurgiuveanul.ro\/stiri\/wp-content\/uploads\/2018\/03\/IMG_3304-2-560x416.jpg 560w, https:\/\/www.giurgiuveanul.ro\/stiri\/wp-content\/uploads\/2018\/03\/IMG_3304-2-250x186.jpg 250w, https:\/\/www.giurgiuveanul.ro\/stiri\/wp-content\/uploads\/2018\/03\/IMG_3304-2-400x297.jpg 400w, https:\/\/www.giurgiuveanul.ro\/stiri\/wp-content\/uploads\/2018\/03\/IMG_3304-2.jpg 800w\" sizes=\"auto, (max-width: 560px) 100vw, 560px\" \/><\/a>De duminic\u0103, 1 aprilie 2018,<!--more--> se aplic\u0103 noua prevedere din Codul de procedur\u0103 fiscal\u0103, prin care agen\u0163iile jude\u0163ene ale finan\u0163elor publice preiau administrarea obliga\u021biilor fiscale datorate de contribuabilii mijlocii, inclusiv de sediile secundare ale acestora.<\/strong><\/p>\n<p style=\"text-align: justify;\">\u00cen prezent, competen\u0163a administr\u0103rii contribuabililor \u0163ine de organul fiscal regional, nu jude\u0163ean.<\/p>\n<p style=\"text-align: justify;\">Potrivit procedurii de administrare \u0219i monitorizare a contribuabililor mijlocii, \u00een vigoare din 4 mai 2017, organele fiscale centrale competente pentru administrarea contribuabililor mijlocii \u0219i a sediilor secundare \u00eenregistrate fiscal ca pl\u0103titoare de salarii \u0219i venituri asimilate salariilor \u00eenfiin\u021bate de contribuabilii mijlocii sunt administra\u021biile pentru contribuabili mijlocii constituite la nivelul direc\u021biilor generale regionale ale finan\u021belor publice sau Administra\u021bia fiscal\u0103 pentru contribuabilii mijlocii din cadrul Direc\u021biei Generale Regionale a Finan\u021belor Publice Bucure\u0219ti, dup\u0103 caz, pentru:<\/p>\n<p style=\"text-align: justify;\">\u2013 contribuabilii persoane juridice care \u00ee\u0219i au domiciliul fiscal pe raza teritorial\u0103 a regiunii sau a municipiului Bucure\u0219ti, dup\u0103 caz;<\/p>\n<p style=\"text-align: justify;\">\u2013 sediile secundare \u00eenfiin\u021bate de contribuabilii mijlocii care \u00ee\u0219i au domiciliul fiscal pe raza teritorial\u0103 a regiunii sau a municipiului Bucure\u0219ti, dup\u0103 caz, chiar dac\u0103 locul de desf\u0103\u0219urare a activit\u0103\u021bii sediilor secundare se afl\u0103 pe raza teritorial\u0103 a altor regiuni\/municipiului Bucure\u0219ti;<\/p>\n<p style=\"text-align: justify;\">\u2013 grupul fiscal unic al c\u0103rui reprezentant \u00ee\u0219i are domiciliul fiscal pe raza teritorial\u0103 a regiunii sau a municipiului Bucure\u0219ti, dup\u0103 caz;<\/p>\n<p style=\"text-align: justify;\">\u2013 contribuabilii nereziden\u021bi pentru care contribuabilii mijlocii au calitatea de reprezentan\u021bi sau reprezentan\u021bi fiscali, potrivit titlului VII din Legea nr. 227\/2015 privind Codul fiscal, cu modific\u0103rile \u0219i complet\u0103rile ulterioare.<\/p>\n<p style=\"text-align: justify;\"><em>sursa: legestart.ro<\/em><\/p>\n<p style=\"text-align: justify;\"><strong>UPDATE! Termenul de 1 aprilie se va proroga cu \u00eenc\u0103 dou\u0103 luni!<\/strong><\/p>\n","protected":false},"excerpt":{"rendered":"<p>De duminic\u0103, 1 aprilie 2018,<\/p>\n","protected":false},"author":1,"featured_media":0,"comment_status":"open","ping_status":"open","sticky":false,"template":"","format":"standard","meta":{"footnotes":""},"categories":[6],"tags":[],"class_list":["post-51030","post","type-post","status-publish","format-standard","hentry","category-breaking-news"],"_links":{"self":[{"href":"https:\/\/www.giurgiuveanul.ro\/stiri\/wp-json\/wp\/v2\/posts\/51030","targetHints":{"allow":["GET"]}}],"collection":[{"href":"https:\/\/www.giurgiuveanul.ro\/stiri\/wp-json\/wp\/v2\/posts"}],"about":[{"href":"https:\/\/www.giurgiuveanul.ro\/stiri\/wp-json\/wp\/v2\/types\/post"}],"author":[{"embeddable":true,"href":"https:\/\/www.giurgiuveanul.ro\/stiri\/wp-json\/wp\/v2\/users\/1"}],"replies":[{"embeddable":true,"href":"https:\/\/www.giurgiuveanul.ro\/stiri\/wp-json\/wp\/v2\/comments?post=51030"}],"version-history":[{"count":0,"href":"https:\/\/www.giurgiuveanul.ro\/stiri\/wp-json\/wp\/v2\/posts\/51030\/revisions"}],"wp:attachment":[{"href":"https:\/\/www.giurgiuveanul.ro\/stiri\/wp-json\/wp\/v2\/media?parent=51030"}],"wp:term":[{"taxonomy":"category","embeddable":true,"href":"https:\/\/www.giurgiuveanul.ro\/stiri\/wp-json\/wp\/v2\/categories?post=51030"},{"taxonomy":"post_tag","embeddable":true,"href":"https:\/\/www.giurgiuveanul.ro\/stiri\/wp-json\/wp\/v2\/tags?post=51030"}],"curies":[{"name":"wp","href":"https:\/\/api.w.org\/{rel}","templated":true}]}}