{"id":51034,"date":"2018-03-24T19:24:03","date_gmt":"2018-03-24T17:24:03","guid":{"rendered":"https:\/\/www.giurgiuveanul.ro\/stiri\/?p=51034"},"modified":"2018-03-24T19:24:03","modified_gmt":"2018-03-24T17:24:03","slug":"de-o-seama-cu-romania-mare-domnul-colonel-r-ion-cioara-implineste-100-de-ani-la-multi-ani","status":"publish","type":"post","link":"https:\/\/www.giurgiuveanul.ro\/stiri\/de-o-seama-cu-romania-mare-domnul-colonel-r-ion-cioara-implineste-100-de-ani-la-multi-ani\/","title":{"rendered":"De-o seam\u0103 cu Rom\u00e2nia Mare! Domnul colonel (r) Ion Cioar\u0103 \u00eempline\u015fte 100 de ani! La Mul\u0163i Ani!"},"content":{"rendered":"<p style=\"text-align: justify;\"><a href=\"https:\/\/www.giurgiuveanul.ro\/stiri\/wp-content\/uploads\/2018\/03\/IMG_1055-2.jpg\"><img loading=\"lazy\" decoding=\"async\" class=\"aligncenter size-large wp-image-51035\" src=\"https:\/\/www.giurgiuveanul.ro\/stiri\/wp-content\/uploads\/2018\/03\/IMG_1055-2-425x450.jpg\" alt=\"IMG_1055-2\" width=\"425\" height=\"450\" srcset=\"https:\/\/www.giurgiuveanul.ro\/stiri\/wp-content\/uploads\/2018\/03\/IMG_1055-2-425x450.jpg 425w, https:\/\/www.giurgiuveanul.ro\/stiri\/wp-content\/uploads\/2018\/03\/IMG_1055-2-250x265.jpg 250w, https:\/\/www.giurgiuveanul.ro\/stiri\/wp-content\/uploads\/2018\/03\/IMG_1055-2-400x424.jpg 400w, https:\/\/www.giurgiuveanul.ro\/stiri\/wp-content\/uploads\/2018\/03\/IMG_1055-2.jpg 755w\" sizes=\"auto, (max-width: 425px) 100vw, 425px\" \/><\/a>Pe <!--more-->25 martie a.c., giurgiuveanul nostru, domnul colonel (r) Ion Cioar\u0103, \u00eempline\u015fte 100 de ani. Combatant pe frontul din cel de-al doilea R\u0103zboi Mondial, prizonier la ru\u015fi, apoi dizident \u015fi condamnat politic, domnul colonel \u015fi-a tr\u0103it via\u0163a cu demnitate \u015fi onoare, a\u015fa cum i-a jurat Regelui Mihai I, atunci c\u00e2nd a primit din partea Majest\u0103\u0163ii Sale&#8230; sabia pe care o vede\u0163i \u00een imagine!<\/p>\n<p style=\"text-align: justify;\">Un articol despre domnia sa ve\u0163i g\u0103si m\u00e2ine \u00een cotidianul \u201eGiurgiuveanul\u201d!<\/p>\n<p style=\"text-align: justify;\">Cu admira\u0163ie \u015fi respect, s\u0103-i ur\u0103m cu to\u0163ii un sincer \u201eLa Mul\u0163i Ani\u201d!<\/p>\n","protected":false},"excerpt":{"rendered":"<p>Pe<\/p>\n","protected":false},"author":1,"featured_media":0,"comment_status":"open","ping_status":"open","sticky":false,"template":"","format":"standard","meta":{"footnotes":""},"categories":[10],"tags":[],"class_list":["post-51034","post","type-post","status-publish","format-standard","hentry","category-la-multi-ani"],"_links":{"self":[{"href":"https:\/\/www.giurgiuveanul.ro\/stiri\/wp-json\/wp\/v2\/posts\/51034","targetHints":{"allow":["GET"]}}],"collection":[{"href":"https:\/\/www.giurgiuveanul.ro\/stiri\/wp-json\/wp\/v2\/posts"}],"about":[{"href":"https:\/\/www.giurgiuveanul.ro\/stiri\/wp-json\/wp\/v2\/types\/post"}],"author":[{"embeddable":true,"href":"https:\/\/www.giurgiuveanul.ro\/stiri\/wp-json\/wp\/v2\/users\/1"}],"replies":[{"embeddable":true,"href":"https:\/\/www.giurgiuveanul.ro\/stiri\/wp-json\/wp\/v2\/comments?post=51034"}],"version-history":[{"count":0,"href":"https:\/\/www.giurgiuveanul.ro\/stiri\/wp-json\/wp\/v2\/posts\/51034\/revisions"}],"wp:attachment":[{"href":"https:\/\/www.giurgiuveanul.ro\/stiri\/wp-json\/wp\/v2\/media?parent=51034"}],"wp:term":[{"taxonomy":"category","embeddable":true,"href":"https:\/\/www.giurgiuveanul.ro\/stiri\/wp-json\/wp\/v2\/categories?post=51034"},{"taxonomy":"post_tag","embeddable":true,"href":"https:\/\/www.giurgiuveanul.ro\/stiri\/wp-json\/wp\/v2\/tags?post=51034"}],"curies":[{"name":"wp","href":"https:\/\/api.w.org\/{rel}","templated":true}]}}