{"id":51063,"date":"2018-03-26T09:27:10","date_gmt":"2018-03-26T06:27:10","guid":{"rendered":"https:\/\/www.giurgiuveanul.ro\/stiri\/?p=51063"},"modified":"2018-03-26T09:27:10","modified_gmt":"2018-03-26T06:27:10","slug":"se-pregatesc-proiecte-anti-tepe-auto","status":"publish","type":"post","link":"https:\/\/www.giurgiuveanul.ro\/stiri\/se-pregatesc-proiecte-anti-tepe-auto\/","title":{"rendered":"Se preg\u0103tesc proiecte anti \u021bepe auto"},"content":{"rendered":"<p id=\"yui_3_16_0_ym19_1_1522044342723_7546\" dir=\"ltr\" style=\"text-align: justify;\"><strong><a href=\"https:\/\/www.giurgiuveanul.ro\/stiri\/wp-content\/uploads\/2018\/03\/masini-second-hand-de-vanzare-0.jpg\"><img loading=\"lazy\" decoding=\"async\" class=\"aligncenter size-large wp-image-51064\" src=\"https:\/\/www.giurgiuveanul.ro\/stiri\/wp-content\/uploads\/2018\/03\/masini-second-hand-de-vanzare-0-560x361.jpg\" alt=\"masini-second-hand-de-vanzare-0\" width=\"560\" height=\"361\" srcset=\"https:\/\/www.giurgiuveanul.ro\/stiri\/wp-content\/uploads\/2018\/03\/masini-second-hand-de-vanzare-0-560x361.jpg 560w, https:\/\/www.giurgiuveanul.ro\/stiri\/wp-content\/uploads\/2018\/03\/masini-second-hand-de-vanzare-0-250x161.jpg 250w, https:\/\/www.giurgiuveanul.ro\/stiri\/wp-content\/uploads\/2018\/03\/masini-second-hand-de-vanzare-0-400x258.jpg 400w, https:\/\/www.giurgiuveanul.ro\/stiri\/wp-content\/uploads\/2018\/03\/masini-second-hand-de-vanzare-0.jpg 745w\" sizes=\"auto, (max-width: 560px) 100vw, 560px\" \/><\/a>ASF \u0219i RAR<!--more--> preg\u0103tesc trei proiecte majore prin care s\u0103 protejeze proprietarii \u0219i cump\u0103r\u0103torii de ma\u0219ini din Rom\u00e2nia<\/strong><\/p>\n<p id=\"yui_3_16_0_ym19_1_1522044342723_7547\" dir=\"ltr\" style=\"text-align: justify;\">Autoritatea de Supraveghere Financiar\u0103 (ASF), \u00eempreun\u0103 cu Registrul Auto Rom\u00e2n (RAR), inten\u021bioneaz\u0103 s\u0103 pun\u0103 \u00een aplicare trei mari proiecte, prin care s\u0103 asigure o protec\u021bie real\u0103 a consumatorilor \u0219i s\u0103 formeze un corp al constatatorilor independen\u021bi de daune.<\/p>\n<p dir=\"ltr\" style=\"text-align: justify;\">Mai multe detalii ofer\u0103 consilierul prim-vicepre\u0219edintelui ASF, Cristian Muntean, citat de PSnews.ro &#8211; <em>\u201eProiectul privind formarea unui corp al constatatorilor de daun\u0103 independen\u021bi vine ca \u0219i completare a normei \u0219i legii RCA \u0219i presupune liberalizarea acestei profesii. Ne-am g\u00e2ndit s\u0103 adopt\u0103m \u0219i noi un sistem care exist\u0103 deja \u00een Germania: grup constatator de daun\u0103, independent, care s\u0103 intervin\u0103 atunci c\u00e2nd un p\u0103gubit RCA are o daun\u0103 \u0219i s\u0103 poat\u0103 s\u0103 efectueze constatarea \u00een condi\u021bii care, \u00een momenul de fa\u021b\u0103, nu exist\u0103 aici. Adic\u0103 &#8211; acea persoan\u0103 s\u0103 fie preg\u0103tit\u0103, adic\u0103 s\u0103 aib\u0103 studiile necesare \u00een spate; s\u0103 fie independent\u0103 \u0219i s\u0103 nu se afle \u00eentr-un conflict de interese, a\u0219a cum se afl\u0103 \u00een momentul de fa\u021b\u0103 inpsectorii de daune angaja\u021bi ai firmelor de asigur\u0103ri; s\u0103 r\u0103spund\u0103 pentru solu\u021biile stabilite. Acum, constatorii de daune ai firmelor de asigur\u0103ri nu p\u0103\u021besc nimic dac\u0103 se poart\u0103 \u00eentr-un mod inadecvat cu p\u0103gubi\u021bii RCA sau dac\u0103 \u00eencalc\u0103 legea\u201c<\/em>.<\/p>\n<div dir=\"ltr\" style=\"text-align: justify;\"><\/div>\n<div id=\"yui_3_16_0_ym19_1_1522044342723_7537\" dir=\"ltr\" style=\"text-align: justify;\"><strong>CA AFAR\u0102 <\/strong><\/div>\n<div dir=\"ltr\" style=\"text-align: justify;\"><\/div>\n<div dir=\"ltr\" style=\"text-align: justify;\">Cele trei proiecte vor fi aplicate prin adoptare de norme ASF, adic\u0103 institu\u021bia s\u0103 poat\u0103 legifera &#8211; vor fi aplicate prin adoptare de norme ASF, adic\u0103 institu\u021bia s\u0103 poat\u0103 legifera &#8211; <em>\u201eASF poate emite norme, nu \u0219i legi. \u00cen Parlamentul Rom\u00e2niei, anul trecut, c\u00e2nd a fost votat\u0103 legea RCA s-a prev\u0103zut c\u0103 aceast\u0103 meserie poate s\u0103 devin\u0103 una liberal\u0103 \u0219i, \u00een consecin\u021b\u0103, dorim s\u0103 mergem mai departe cu legea RCA \u0219i, printr-o norm\u0103, s\u0103 constituim acest corp al constatatorilor de daun\u0103 independen\u021bi. Exist\u0103 un grup de protec\u021bie a consumatorului \u00een cadrul ASF \u00een care fac parte multe organiza\u021bii din diverse zone (\u00eencep\u00e2nd de la brokeri, service-uri, transportatorii, asocia\u021bii pentru protec\u021bia consumatorului); exist\u0103 un dialog permanent cu oameni din diverse bresle\u201c<\/em>.<\/div>\n<div dir=\"ltr\" style=\"text-align: justify;\">A<strong>l doilea proiect<\/strong> \u00eenl\u0103tur\u0103 posibilitatea ca un cump\u0103r\u0103tor auto s\u0103 fie \u021bepuit atunci c\u00e2nd achizi\u021bioneaz\u0103 o ma\u0219in\u0103 la m\u00e2na a doua. Cum? Printr-un simplu SMS transmis c\u0103tre RAR &#8211; <em>\u201eVei afla diverse date, pe care le are RAR, precum num\u0103rul real de kilometri ai autovehiculului, istoricul de daune, dac\u0103 acea ma\u0219in\u0103 a avut probleme la cea mai recent\u0103 inspec\u021bie tehnic\u0103 periodic\u0103\u201c<\/em>.<\/div>\n<div dir=\"ltr\" style=\"text-align: justify;\"><strong>Al treilea proiect<\/strong> se refer\u0103 la inspec\u021bia tehnic\u0103 de siguran\u021b\u0103 rutier\u0103. Mai exact, c\u00e2nd o ma\u0219in\u0103 este grav avariat\u0103 \u0219i are unul dintre cele \u0219apte sisteme de siguran\u021b\u0103 avariat, i se suspend\u0103 ITP-ul p\u00e2n\u0103 \u00een momentul \u00een care i se efectueaz\u0103 repara\u021bia (care va fi verificat\u0103 de RAR).<\/div>\n","protected":false},"excerpt":{"rendered":"<p>ASF \u0219i RAR<\/p>\n","protected":false},"author":1,"featured_media":0,"comment_status":"open","ping_status":"open","sticky":false,"template":"","format":"standard","meta":{"footnotes":""},"categories":[6],"tags":[],"class_list":["post-51063","post","type-post","status-publish","format-standard","hentry","category-breaking-news"],"_links":{"self":[{"href":"https:\/\/www.giurgiuveanul.ro\/stiri\/wp-json\/wp\/v2\/posts\/51063","targetHints":{"allow":["GET"]}}],"collection":[{"href":"https:\/\/www.giurgiuveanul.ro\/stiri\/wp-json\/wp\/v2\/posts"}],"about":[{"href":"https:\/\/www.giurgiuveanul.ro\/stiri\/wp-json\/wp\/v2\/types\/post"}],"author":[{"embeddable":true,"href":"https:\/\/www.giurgiuveanul.ro\/stiri\/wp-json\/wp\/v2\/users\/1"}],"replies":[{"embeddable":true,"href":"https:\/\/www.giurgiuveanul.ro\/stiri\/wp-json\/wp\/v2\/comments?post=51063"}],"version-history":[{"count":0,"href":"https:\/\/www.giurgiuveanul.ro\/stiri\/wp-json\/wp\/v2\/posts\/51063\/revisions"}],"wp:attachment":[{"href":"https:\/\/www.giurgiuveanul.ro\/stiri\/wp-json\/wp\/v2\/media?parent=51063"}],"wp:term":[{"taxonomy":"category","embeddable":true,"href":"https:\/\/www.giurgiuveanul.ro\/stiri\/wp-json\/wp\/v2\/categories?post=51063"},{"taxonomy":"post_tag","embeddable":true,"href":"https:\/\/www.giurgiuveanul.ro\/stiri\/wp-json\/wp\/v2\/tags?post=51063"}],"curies":[{"name":"wp","href":"https:\/\/api.w.org\/{rel}","templated":true}]}}