{"id":51074,"date":"2018-03-26T10:03:55","date_gmt":"2018-03-26T07:03:55","guid":{"rendered":"https:\/\/www.giurgiuveanul.ro\/stiri\/?p=51074"},"modified":"2018-03-26T10:03:55","modified_gmt":"2018-03-26T07:03:55","slug":"de-rasul-curcilor-doi-adolescenti-giurgiuveni-au-furat-capra-si-curcan","status":"publish","type":"post","link":"https:\/\/www.giurgiuveanul.ro\/stiri\/de-rasul-curcilor-doi-adolescenti-giurgiuveni-au-furat-capra-si-curcan\/","title":{"rendered":"De r\u00e2sul curcilor! Doi adolescen\u0163i giurgiuveni au furat o capr\u0103 \u015fi un curcan!"},"content":{"rendered":"<p style=\"text-align: justify;\"><strong><a href=\"https:\/\/www.giurgiuveanul.ro\/stiri\/wp-content\/uploads\/2018\/03\/curcan.jpg\"><img loading=\"lazy\" decoding=\"async\" class=\"aligncenter size-full wp-image-51075\" src=\"https:\/\/www.giurgiuveanul.ro\/stiri\/wp-content\/uploads\/2018\/03\/curcan.jpg\" alt=\"curcan\" width=\"420\" height=\"420\" srcset=\"https:\/\/www.giurgiuveanul.ro\/stiri\/wp-content\/uploads\/2018\/03\/curcan.jpg 420w, https:\/\/www.giurgiuveanul.ro\/stiri\/wp-content\/uploads\/2018\/03\/curcan-250x250.jpg 250w, https:\/\/www.giurgiuveanul.ro\/stiri\/wp-content\/uploads\/2018\/03\/curcan-200x200.jpg 200w, https:\/\/www.giurgiuveanul.ro\/stiri\/wp-content\/uploads\/2018\/03\/curcan-400x400.jpg 400w\" sizes=\"auto, (max-width: 420px) 100vw, 420px\" \/><\/a>Doi minori <!--more-->sunt cerceta\u021bi de poli\u021bi\u0219tii pentru furt dup\u0103 ce au sustras din curtea\u00a0 unui cons\u0103tean&#8230;\u00a0 o capr\u0103 \u0219i un curcan.<\/strong><\/p>\n<p style=\"text-align: justify;\">Poli\u021bi\u0219tii au fost sesiza\u021bi de o persoan\u0103 de 38 de ani, din localitatea Plop\u0219oru, jude\u021bul Giurgiu c\u0103 \u00een noaptea de 23\/ 24 martie a.c., persoane necunoscute i-au sustras dintr-o anex\u0103 gospod\u0103reasc\u0103, o capr\u0103 \u0219i un curcan.<\/p>\n<p style=\"text-align: justify;\">\u00cen urma activit\u0103\u021bilor specifice poli\u021bi\u0219tii Sec\u021biei num\u0103rul 7 Poli\u021bie Rural\u0103 B\u0103neasa, au identificat doi adolescen\u0163i, de 16 ani, din comuna Daia, b\u0103nui\u021bi c\u0103 au p\u0103truns \u00een curtea locuin\u021bei persoanei care a f\u0103cut sesizarea \u0219i au sustras o capr\u0103 \u0219i un curcan.<\/p>\n<p style=\"text-align: justify;\">Prejudiciul, \u00een valoare de 500 de lei, a fost recuperat \u00een totalitate de poli\u021bi\u0219ti\u00a0 \u0219i predat proprietarului.<\/p>\n<p style=\"text-align: justify;\">\u00cen cauz\u0103, poli\u021bi\u0219tii au \u00eentocmit un dosar penal \u0219i se efectueaz\u0103 cercet\u0103ri \u00a0sub aspectul s\u0103v\u00e2r\u0219irii \u00a0infrac\u021biunii de \u201efurt calificat\u201d.<\/p>\n","protected":false},"excerpt":{"rendered":"<p>Doi minori<\/p>\n","protected":false},"author":1,"featured_media":0,"comment_status":"open","ping_status":"open","sticky":false,"template":"","format":"standard","meta":{"footnotes":""},"categories":[6],"tags":[],"class_list":["post-51074","post","type-post","status-publish","format-standard","hentry","category-breaking-news"],"_links":{"self":[{"href":"https:\/\/www.giurgiuveanul.ro\/stiri\/wp-json\/wp\/v2\/posts\/51074","targetHints":{"allow":["GET"]}}],"collection":[{"href":"https:\/\/www.giurgiuveanul.ro\/stiri\/wp-json\/wp\/v2\/posts"}],"about":[{"href":"https:\/\/www.giurgiuveanul.ro\/stiri\/wp-json\/wp\/v2\/types\/post"}],"author":[{"embeddable":true,"href":"https:\/\/www.giurgiuveanul.ro\/stiri\/wp-json\/wp\/v2\/users\/1"}],"replies":[{"embeddable":true,"href":"https:\/\/www.giurgiuveanul.ro\/stiri\/wp-json\/wp\/v2\/comments?post=51074"}],"version-history":[{"count":0,"href":"https:\/\/www.giurgiuveanul.ro\/stiri\/wp-json\/wp\/v2\/posts\/51074\/revisions"}],"wp:attachment":[{"href":"https:\/\/www.giurgiuveanul.ro\/stiri\/wp-json\/wp\/v2\/media?parent=51074"}],"wp:term":[{"taxonomy":"category","embeddable":true,"href":"https:\/\/www.giurgiuveanul.ro\/stiri\/wp-json\/wp\/v2\/categories?post=51074"},{"taxonomy":"post_tag","embeddable":true,"href":"https:\/\/www.giurgiuveanul.ro\/stiri\/wp-json\/wp\/v2\/tags?post=51074"}],"curies":[{"name":"wp","href":"https:\/\/api.w.org\/{rel}","templated":true}]}}