{"id":51077,"date":"2018-03-26T10:57:31","date_gmt":"2018-03-26T07:57:31","guid":{"rendered":"https:\/\/www.giurgiuveanul.ro\/stiri\/?p=51077"},"modified":"2018-03-26T11:02:12","modified_gmt":"2018-03-26T08:02:12","slug":"cinci-tineri-raniti-intr-un-accident-teribil","status":"publish","type":"post","link":"https:\/\/www.giurgiuveanul.ro\/stiri\/cinci-tineri-raniti-intr-un-accident-teribil\/","title":{"rendered":"Cinci tineri, r\u0103ni\u021bi \u00eentr-un ACCIDENT TERIBIL!"},"content":{"rendered":"<p style=\"text-align: justify;\"><strong><a href=\"https:\/\/www.giurgiuveanul.ro\/stiri\/wp-content\/uploads\/2018\/03\/ambulanta_accident_99179500.jpg\"><img loading=\"lazy\" decoding=\"async\" class=\"aligncenter size-large wp-image-51078\" src=\"https:\/\/www.giurgiuveanul.ro\/stiri\/wp-content\/uploads\/2018\/03\/ambulanta_accident_99179500-560x314.jpg\" alt=\"ambulanta_accident_99179500\" width=\"560\" height=\"314\" srcset=\"https:\/\/www.giurgiuveanul.ro\/stiri\/wp-content\/uploads\/2018\/03\/ambulanta_accident_99179500-560x314.jpg 560w, https:\/\/www.giurgiuveanul.ro\/stiri\/wp-content\/uploads\/2018\/03\/ambulanta_accident_99179500-250x140.jpg 250w, https:\/\/www.giurgiuveanul.ro\/stiri\/wp-content\/uploads\/2018\/03\/ambulanta_accident_99179500-400x225.jpg 400w, https:\/\/www.giurgiuveanul.ro\/stiri\/wp-content\/uploads\/2018\/03\/ambulanta_accident_99179500.jpg 620w\" sizes=\"auto, (max-width: 560px) 100vw, 560px\" \/><\/a>Cinci tineri au fost r\u0103ni\u021bi dup\u0103 ce<!--more--> un autoturism Opel, care a \u00eencercat s\u0103 dep\u0103\u0219easc\u0103 neregulamentar o autoutilitar\u0103, a intrat \u00een coliziune cu un Seat. Accidentul de circula\u021bie a avut loc ieri, \u00een jurul orei 15.45, pe DJ 611, \u00een localitatea Roata de Jos.<\/strong><\/p>\n<p style=\"text-align: justify;\">\u0218oferul autoturismului Opel, un t\u00e2n\u0103r de 19 ani, din Roata de Jos, \u0219oferul Seat-ului, un t\u00e2n\u0103r de 18 ani, din M\u00e2r\u0219a, doi tineri de 19 \u0219i 22 de ani ,pasageri \u00een Seat \u0219i un t\u00e2n\u0103r de 16 ani, pasager \u00een Opel, au fost r\u0103ni\u021bi, fiind transporta\u021bi la spital.<\/p>\n<p style=\"text-align: justify;\">\u0218oferii celor dou\u0103 autoturisme au fost testa\u021bi cu etilotestul, rezultatul fiind negativ.<\/p>\n<p style=\"text-align: justify;\">Poli\u021bi\u0219tii au deschis \u00een cauz\u0103 un dosar penal pentru v\u0103t\u0103mare din culp\u0103.<\/p>\n","protected":false},"excerpt":{"rendered":"<p>Cinci tineri au fost r\u0103ni\u021bi dup\u0103 ce<\/p>\n","protected":false},"author":1,"featured_media":0,"comment_status":"open","ping_status":"open","sticky":false,"template":"","format":"standard","meta":{"footnotes":""},"categories":[6],"tags":[],"class_list":["post-51077","post","type-post","status-publish","format-standard","hentry","category-breaking-news"],"_links":{"self":[{"href":"https:\/\/www.giurgiuveanul.ro\/stiri\/wp-json\/wp\/v2\/posts\/51077","targetHints":{"allow":["GET"]}}],"collection":[{"href":"https:\/\/www.giurgiuveanul.ro\/stiri\/wp-json\/wp\/v2\/posts"}],"about":[{"href":"https:\/\/www.giurgiuveanul.ro\/stiri\/wp-json\/wp\/v2\/types\/post"}],"author":[{"embeddable":true,"href":"https:\/\/www.giurgiuveanul.ro\/stiri\/wp-json\/wp\/v2\/users\/1"}],"replies":[{"embeddable":true,"href":"https:\/\/www.giurgiuveanul.ro\/stiri\/wp-json\/wp\/v2\/comments?post=51077"}],"version-history":[{"count":0,"href":"https:\/\/www.giurgiuveanul.ro\/stiri\/wp-json\/wp\/v2\/posts\/51077\/revisions"}],"wp:attachment":[{"href":"https:\/\/www.giurgiuveanul.ro\/stiri\/wp-json\/wp\/v2\/media?parent=51077"}],"wp:term":[{"taxonomy":"category","embeddable":true,"href":"https:\/\/www.giurgiuveanul.ro\/stiri\/wp-json\/wp\/v2\/categories?post=51077"},{"taxonomy":"post_tag","embeddable":true,"href":"https:\/\/www.giurgiuveanul.ro\/stiri\/wp-json\/wp\/v2\/tags?post=51077"}],"curies":[{"name":"wp","href":"https:\/\/api.w.org\/{rel}","templated":true}]}}