{"id":51095,"date":"2018-03-26T15:15:27","date_gmt":"2018-03-26T12:15:27","guid":{"rendered":"https:\/\/www.giurgiuveanul.ro\/stiri\/?p=51095"},"modified":"2018-03-26T15:15:27","modified_gmt":"2018-03-26T12:15:27","slug":"conducea-cu-permisul-suspendat","status":"publish","type":"post","link":"https:\/\/www.giurgiuveanul.ro\/stiri\/conducea-cu-permisul-suspendat\/","title":{"rendered":"Conducea&#8230; cu permisul suspendat!"},"content":{"rendered":"<p style=\"text-align: justify;\"><strong><a href=\"https:\/\/www.giurgiuveanul.ro\/stiri\/wp-content\/uploads\/2018\/03\/isutulceailganiidejos1470423371-1491033958.jpg\"><img loading=\"lazy\" decoding=\"async\" class=\"aligncenter size-large wp-image-51096\" src=\"https:\/\/www.giurgiuveanul.ro\/stiri\/wp-content\/uploads\/2018\/03\/isutulceailganiidejos1470423371-1491033958-560x371.jpg\" alt=\"isutulceailganiidejos1470423371-1491033958\" width=\"560\" height=\"371\" srcset=\"https:\/\/www.giurgiuveanul.ro\/stiri\/wp-content\/uploads\/2018\/03\/isutulceailganiidejos1470423371-1491033958-560x371.jpg 560w, https:\/\/www.giurgiuveanul.ro\/stiri\/wp-content\/uploads\/2018\/03\/isutulceailganiidejos1470423371-1491033958-250x166.jpg 250w, https:\/\/www.giurgiuveanul.ro\/stiri\/wp-content\/uploads\/2018\/03\/isutulceailganiidejos1470423371-1491033958-400x265.jpg 400w, https:\/\/www.giurgiuveanul.ro\/stiri\/wp-content\/uploads\/2018\/03\/isutulceailganiidejos1470423371-1491033958.jpg 700w\" sizes=\"auto, (max-width: 560px) 100vw, 560px\" \/><\/a>Un t\u00e2n\u0103r de <!--more-->27 de ani a fost depistat de poli\u021bi\u0219ti \u00een timp ce conducea un autoturism pe drumurile publice, av\u00e2nd permisul de conducere suspendat.\u00a0<\/strong><\/p>\n<p style=\"text-align: justify;\">Asear\u0103, \u00een jurul orei 22.30, poli\u021bi\u0219tii Serviciului Rutier au depistat, \u00een trafic, un t\u00e2n\u0103r, de 27 de ani din comuna Aduna\u021bii Cop\u0103ceni, pe\u00a0 \u0219oseaua Giurgiului, \u00een localitatea Aduna\u021bii Cop\u0103ceni, \u00een timp ce conducea un autoturism, av\u00e2nd permisul de conducere suspendat.<\/p>\n<p style=\"text-align: justify;\">\u00cen cauz\u0103, poli\u021bi\u0219tii au \u00eentocmit un dosar penal \u00een care continu\u0103 cercet\u0103rile fa\u021b\u0103 de persoana depistat\u0103, sub aspectul s\u0103v\u00e2r\u0219irii infrac\u021biunii de conducerea pe drumurile publice a unui vehicul de c\u0103tre o persoan\u0103 c\u0103reia exercitarea dreptului de a conduce i-a fost suspendat\u0103.<\/p>\n","protected":false},"excerpt":{"rendered":"<p>Un t\u00e2n\u0103r de<\/p>\n","protected":false},"author":1,"featured_media":0,"comment_status":"open","ping_status":"open","sticky":false,"template":"","format":"standard","meta":{"footnotes":""},"categories":[6],"tags":[],"class_list":["post-51095","post","type-post","status-publish","format-standard","hentry","category-breaking-news"],"_links":{"self":[{"href":"https:\/\/www.giurgiuveanul.ro\/stiri\/wp-json\/wp\/v2\/posts\/51095","targetHints":{"allow":["GET"]}}],"collection":[{"href":"https:\/\/www.giurgiuveanul.ro\/stiri\/wp-json\/wp\/v2\/posts"}],"about":[{"href":"https:\/\/www.giurgiuveanul.ro\/stiri\/wp-json\/wp\/v2\/types\/post"}],"author":[{"embeddable":true,"href":"https:\/\/www.giurgiuveanul.ro\/stiri\/wp-json\/wp\/v2\/users\/1"}],"replies":[{"embeddable":true,"href":"https:\/\/www.giurgiuveanul.ro\/stiri\/wp-json\/wp\/v2\/comments?post=51095"}],"version-history":[{"count":0,"href":"https:\/\/www.giurgiuveanul.ro\/stiri\/wp-json\/wp\/v2\/posts\/51095\/revisions"}],"wp:attachment":[{"href":"https:\/\/www.giurgiuveanul.ro\/stiri\/wp-json\/wp\/v2\/media?parent=51095"}],"wp:term":[{"taxonomy":"category","embeddable":true,"href":"https:\/\/www.giurgiuveanul.ro\/stiri\/wp-json\/wp\/v2\/categories?post=51095"},{"taxonomy":"post_tag","embeddable":true,"href":"https:\/\/www.giurgiuveanul.ro\/stiri\/wp-json\/wp\/v2\/tags?post=51095"}],"curies":[{"name":"wp","href":"https:\/\/api.w.org\/{rel}","templated":true}]}}