{"id":51106,"date":"2018-03-27T09:00:43","date_gmt":"2018-03-27T06:00:43","guid":{"rendered":"https:\/\/www.giurgiuveanul.ro\/stiri\/?p=51106"},"modified":"2018-03-27T09:00:43","modified_gmt":"2018-03-27T06:00:43","slug":"cod-galben-de-inundatii-pentru-giurgiu","status":"publish","type":"post","link":"https:\/\/www.giurgiuveanul.ro\/stiri\/cod-galben-de-inundatii-pentru-giurgiu\/","title":{"rendered":"COD GALBEN de inunda\u0163ii pentru Giurgiu!"},"content":{"rendered":"<p style=\"text-align: justify;\"><a href=\"https:\/\/www.giurgiuveanul.ro\/stiri\/wp-content\/uploads\/2018\/03\/inundatii-maramures-min.jpg\"><img loading=\"lazy\" decoding=\"async\" class=\"aligncenter size-large wp-image-51107\" src=\"https:\/\/www.giurgiuveanul.ro\/stiri\/wp-content\/uploads\/2018\/03\/inundatii-maramures-min-560x420.jpg\" alt=\"inundatii-maramures-min\" width=\"560\" height=\"420\" srcset=\"https:\/\/www.giurgiuveanul.ro\/stiri\/wp-content\/uploads\/2018\/03\/inundatii-maramures-min-560x420.jpg 560w, https:\/\/www.giurgiuveanul.ro\/stiri\/wp-content\/uploads\/2018\/03\/inundatii-maramures-min-250x188.jpg 250w, https:\/\/www.giurgiuveanul.ro\/stiri\/wp-content\/uploads\/2018\/03\/inundatii-maramures-min-400x300.jpg 400w, https:\/\/www.giurgiuveanul.ro\/stiri\/wp-content\/uploads\/2018\/03\/inundatii-maramures-min.jpg 1024w\" sizes=\"auto, (max-width: 560px) 100vw, 560px\" \/><\/a>Institutul Na\u0163ional de Hidrologie \u015fi Gospod\u0103rire a Apelor a emis o aten\u0163ionare hidrologic\u0103\u00a0COD GALBEN pentru<!--more--> intervalul 26 martie ora 12:00 -28 martie, ora 18:00, pe r\u00e2ul Neajlov, \u00een jude\u021bele <strong>Arge\u015f, D\u00e2mbovi\u0163a, Teleorman \u015fi Giurgiu.<\/strong><\/p>\n<p style=\"text-align: justify;\">Fenomenele vizate sunt scurgeri importante pe versan\u0163i, toren\u0163i \u015fi p\u00e2raie, viituri rapide pe r\u00e2urile mici cu posibile efecte de inunda\u0163ii locale \u015fi cre\u015fteri de debite \u015fi niveluri pe unele r\u00e2uri din bazinele hidrografice men\u0163ionate, cu posibile dep\u0103\u015firi ale cotelor de aten\u0163ie.<\/p>\n","protected":false},"excerpt":{"rendered":"<p>Institutul Na\u0163ional de Hidrologie \u015fi Gospod\u0103rire a Apelor a emis o aten\u0163ionare hidrologic\u0103\u00a0COD GALBEN pentru<\/p>\n","protected":false},"author":1,"featured_media":0,"comment_status":"open","ping_status":"open","sticky":false,"template":"","format":"standard","meta":{"footnotes":""},"categories":[6],"tags":[],"class_list":["post-51106","post","type-post","status-publish","format-standard","hentry","category-breaking-news"],"_links":{"self":[{"href":"https:\/\/www.giurgiuveanul.ro\/stiri\/wp-json\/wp\/v2\/posts\/51106","targetHints":{"allow":["GET"]}}],"collection":[{"href":"https:\/\/www.giurgiuveanul.ro\/stiri\/wp-json\/wp\/v2\/posts"}],"about":[{"href":"https:\/\/www.giurgiuveanul.ro\/stiri\/wp-json\/wp\/v2\/types\/post"}],"author":[{"embeddable":true,"href":"https:\/\/www.giurgiuveanul.ro\/stiri\/wp-json\/wp\/v2\/users\/1"}],"replies":[{"embeddable":true,"href":"https:\/\/www.giurgiuveanul.ro\/stiri\/wp-json\/wp\/v2\/comments?post=51106"}],"version-history":[{"count":0,"href":"https:\/\/www.giurgiuveanul.ro\/stiri\/wp-json\/wp\/v2\/posts\/51106\/revisions"}],"wp:attachment":[{"href":"https:\/\/www.giurgiuveanul.ro\/stiri\/wp-json\/wp\/v2\/media?parent=51106"}],"wp:term":[{"taxonomy":"category","embeddable":true,"href":"https:\/\/www.giurgiuveanul.ro\/stiri\/wp-json\/wp\/v2\/categories?post=51106"},{"taxonomy":"post_tag","embeddable":true,"href":"https:\/\/www.giurgiuveanul.ro\/stiri\/wp-json\/wp\/v2\/tags?post=51106"}],"curies":[{"name":"wp","href":"https:\/\/api.w.org\/{rel}","templated":true}]}}