{"id":51109,"date":"2018-03-27T09:15:41","date_gmt":"2018-03-27T06:15:41","guid":{"rendered":"https:\/\/www.giurgiuveanul.ro\/stiri\/?p=51109"},"modified":"2018-03-27T09:16:53","modified_gmt":"2018-03-27T06:16:53","slug":"seminar-100-de-ani-de-la-unirea-basarabiei-cu-patria-mama-omagial-al-unitatii-de-credinta-si-neam-la-sectia-muzeala-de-la-manastirea-comana","status":"publish","type":"post","link":"https:\/\/www.giurgiuveanul.ro\/stiri\/seminar-100-de-ani-de-la-unirea-basarabiei-cu-patria-mama-omagial-al-unitatii-de-credinta-si-neam-la-sectia-muzeala-de-la-manastirea-comana\/","title":{"rendered":"SEMINAR. &#8222;100 de ani de la Unirea Basarabiei cu patria mam\u0103\u2013 An omagial al unit\u0103\u0163ii de credin\u0163\u0103 \u015fi neam\u201d, la Sec\u0163ia muzeal\u0103 de la M\u0103n\u0103stirea Comana"},"content":{"rendered":"<p style=\"text-align: justify;\"><a href=\"https:\/\/www.giurgiuveanul.ro\/stiri\/wp-content\/uploads\/2018\/03\/afis-100-ani.jpg\"><img loading=\"lazy\" decoding=\"async\" class=\"aligncenter size-large wp-image-51110\" src=\"https:\/\/www.giurgiuveanul.ro\/stiri\/wp-content\/uploads\/2018\/03\/afis-100-ani-318x450.jpg\" alt=\"afis 100 ani\" width=\"318\" height=\"450\" srcset=\"https:\/\/www.giurgiuveanul.ro\/stiri\/wp-content\/uploads\/2018\/03\/afis-100-ani-318x450.jpg 318w, https:\/\/www.giurgiuveanul.ro\/stiri\/wp-content\/uploads\/2018\/03\/afis-100-ani-212x300.jpg 212w, https:\/\/www.giurgiuveanul.ro\/stiri\/wp-content\/uploads\/2018\/03\/afis-100-ani-400x565.jpg 400w\" sizes=\"auto, (max-width: 318px) 100vw, 318px\" \/><\/a>Ast\u0103zi, 27 martie 2018, ora <!--more-->10.00 Muzeul Jude\u0163ean ,, Teohari Antonescu\u201d- Giurgiu \u015fi Episcopia Giurgiului organizeaz\u0103 \u00een parteneriat cu M\u0103n\u0103stirea Comana\u00a0 \u015fi Inspectoratul \u015ecolar Giurgiu <strong>Seminarul ,, 100 de ani<\/strong> <strong><em>de la Unirea Basarabiei cu patria mam\u0103 \u2013An omagial al unit\u0103\u0163ii de credin\u0163\u0103 \u015fi neam\u201d<\/em><\/strong> la Sec\u0163ia muzeal\u0103 Comana de la m\u0103n\u0103stirea Comana.<\/p>\n<p style=\"text-align: justify;\">Vor participa 85 de elevi de la Seminarul Teologic ,, Teoctist Patriarhul- Sf. Ioan Valahul\u201d Giurgiu, Liceul ,, Udri\u015fte N\u0103sturel\u201d- Hotarele, Liceele Comana, \u015ecoala General\u0103,, Elina Basarab\u201d- Here\u015fti \u015fi \u015ecoala General\u0103 Isvoarele, iar alocu\u0163iuni vor sus\u0163ine Ionel Muscalu, istoricul Emil P\u0103unescu, preotul consilier Anton Mih\u0103i\u0163\u0103 Podaru, gazda evenimentului arhim. Mihail Muscariu \u015fi elevi de \u015fcolile invitate.<\/p>\n","protected":false},"excerpt":{"rendered":"<p>Ast\u0103zi, 27 martie 2018, ora<\/p>\n","protected":false},"author":1,"featured_media":0,"comment_status":"open","ping_status":"open","sticky":false,"template":"","format":"standard","meta":{"footnotes":""},"categories":[6],"tags":[],"class_list":["post-51109","post","type-post","status-publish","format-standard","hentry","category-breaking-news"],"_links":{"self":[{"href":"https:\/\/www.giurgiuveanul.ro\/stiri\/wp-json\/wp\/v2\/posts\/51109","targetHints":{"allow":["GET"]}}],"collection":[{"href":"https:\/\/www.giurgiuveanul.ro\/stiri\/wp-json\/wp\/v2\/posts"}],"about":[{"href":"https:\/\/www.giurgiuveanul.ro\/stiri\/wp-json\/wp\/v2\/types\/post"}],"author":[{"embeddable":true,"href":"https:\/\/www.giurgiuveanul.ro\/stiri\/wp-json\/wp\/v2\/users\/1"}],"replies":[{"embeddable":true,"href":"https:\/\/www.giurgiuveanul.ro\/stiri\/wp-json\/wp\/v2\/comments?post=51109"}],"version-history":[{"count":0,"href":"https:\/\/www.giurgiuveanul.ro\/stiri\/wp-json\/wp\/v2\/posts\/51109\/revisions"}],"wp:attachment":[{"href":"https:\/\/www.giurgiuveanul.ro\/stiri\/wp-json\/wp\/v2\/media?parent=51109"}],"wp:term":[{"taxonomy":"category","embeddable":true,"href":"https:\/\/www.giurgiuveanul.ro\/stiri\/wp-json\/wp\/v2\/categories?post=51109"},{"taxonomy":"post_tag","embeddable":true,"href":"https:\/\/www.giurgiuveanul.ro\/stiri\/wp-json\/wp\/v2\/tags?post=51109"}],"curies":[{"name":"wp","href":"https:\/\/api.w.org\/{rel}","templated":true}]}}