{"id":51153,"date":"2018-03-27T15:20:49","date_gmt":"2018-03-27T12:20:49","guid":{"rendered":"https:\/\/www.giurgiuveanul.ro\/stiri\/?p=51153"},"modified":"2018-03-27T15:20:49","modified_gmt":"2018-03-27T12:20:49","slug":"coliziune-intre-doua-autoturisme-la-calugareni","status":"publish","type":"post","link":"https:\/\/www.giurgiuveanul.ro\/stiri\/coliziune-intre-doua-autoturisme-la-calugareni\/","title":{"rendered":"Coliziune \u00eentre dou\u0103 autoturisme la C\u0103lug\u0103reni"},"content":{"rendered":"<p style=\"text-align: justify;\"><strong><a href=\"https:\/\/www.giurgiuveanul.ro\/stiri\/wp-content\/uploads\/2018\/03\/IMG_7723-2.jpg\"><img loading=\"lazy\" decoding=\"async\" class=\"aligncenter size-large wp-image-51154\" src=\"https:\/\/www.giurgiuveanul.ro\/stiri\/wp-content\/uploads\/2018\/03\/IMG_7723-2-556x450.jpg\" alt=\"IMG_7723-2\" width=\"556\" height=\"450\" srcset=\"https:\/\/www.giurgiuveanul.ro\/stiri\/wp-content\/uploads\/2018\/03\/IMG_7723-2-556x450.jpg 556w, https:\/\/www.giurgiuveanul.ro\/stiri\/wp-content\/uploads\/2018\/03\/IMG_7723-2-250x202.jpg 250w, https:\/\/www.giurgiuveanul.ro\/stiri\/wp-content\/uploads\/2018\/03\/IMG_7723-2-400x324.jpg 400w, https:\/\/www.giurgiuveanul.ro\/stiri\/wp-content\/uploads\/2018\/03\/IMG_7723-2.jpg 800w\" sizes=\"auto, (max-width: 556px) 100vw, 556px\" \/><\/a>O coliziune \u00eentre <!--more-->un Opel \u0219i o Toyota s-a produs \u00een aceast\u0103 diminea\u021b\u0103, la C\u0103lug\u0103reni, la intersec\u021bia dintre DN5 cu DJ 411.<\/strong><\/p>\n<p style=\"text-align: justify;\">\u0218oferi\u021ba autoturismului Opel, o femeie de 38 de ani, din Br\u0103ni\u0219tari nu a acordat prioritate \u00een sensul giratoriu, la ie\u0219irea de pe un drum secundar, intr\u00e2nd \u00een coliziune cu autoturismul Toyota, condus regulamentar de o femeie \u00een v\u00e2rst\u0103 de 38 de ani, din Giurgiu. \u00cen urma impactului, cele dou\u0103 autoturisme au fost avariate.<\/p>\n<p style=\"text-align: justify;\">\u0218oferi\u021ba vinovat\u0103 de producerea accidentului a fost sanc\u021bionat\u0103 de c\u0103tre poli\u021bi\u0219ti pentru neacordarea de prioritate \u0219i i s- a re\u021binut permisul pe o perioad\u0103 de 60 de zile.<\/p>\n","protected":false},"excerpt":{"rendered":"<p>O coliziune \u00eentre<\/p>\n","protected":false},"author":1,"featured_media":0,"comment_status":"open","ping_status":"open","sticky":false,"template":"","format":"standard","meta":{"footnotes":""},"categories":[6],"tags":[],"class_list":["post-51153","post","type-post","status-publish","format-standard","hentry","category-breaking-news"],"_links":{"self":[{"href":"https:\/\/www.giurgiuveanul.ro\/stiri\/wp-json\/wp\/v2\/posts\/51153","targetHints":{"allow":["GET"]}}],"collection":[{"href":"https:\/\/www.giurgiuveanul.ro\/stiri\/wp-json\/wp\/v2\/posts"}],"about":[{"href":"https:\/\/www.giurgiuveanul.ro\/stiri\/wp-json\/wp\/v2\/types\/post"}],"author":[{"embeddable":true,"href":"https:\/\/www.giurgiuveanul.ro\/stiri\/wp-json\/wp\/v2\/users\/1"}],"replies":[{"embeddable":true,"href":"https:\/\/www.giurgiuveanul.ro\/stiri\/wp-json\/wp\/v2\/comments?post=51153"}],"version-history":[{"count":0,"href":"https:\/\/www.giurgiuveanul.ro\/stiri\/wp-json\/wp\/v2\/posts\/51153\/revisions"}],"wp:attachment":[{"href":"https:\/\/www.giurgiuveanul.ro\/stiri\/wp-json\/wp\/v2\/media?parent=51153"}],"wp:term":[{"taxonomy":"category","embeddable":true,"href":"https:\/\/www.giurgiuveanul.ro\/stiri\/wp-json\/wp\/v2\/categories?post=51153"},{"taxonomy":"post_tag","embeddable":true,"href":"https:\/\/www.giurgiuveanul.ro\/stiri\/wp-json\/wp\/v2\/tags?post=51153"}],"curies":[{"name":"wp","href":"https:\/\/api.w.org\/{rel}","templated":true}]}}