{"id":51212,"date":"2018-03-28T15:43:43","date_gmt":"2018-03-28T12:43:43","guid":{"rendered":"https:\/\/www.giurgiuveanul.ro\/stiri\/?p=51212"},"modified":"2018-03-28T15:56:20","modified_gmt":"2018-03-28T12:56:20","slug":"inspectorul-scolar-general-al-judetului-giurgiu-gigi-oprisan-va-fi-schimbat-din-functie","status":"publish","type":"post","link":"https:\/\/www.giurgiuveanul.ro\/stiri\/inspectorul-scolar-general-al-judetului-giurgiu-gigi-oprisan-va-fi-schimbat-din-functie\/","title":{"rendered":"Inspectorul \u015fcolar general al jude\u0163ului Giurgiu, Gigi Opri\u015fan, va fi schimbat din func\u0163ie"},"content":{"rendered":"<p style=\"text-align: justify;\"><strong><a href=\"https:\/\/www.giurgiuveanul.ro\/stiri\/wp-content\/uploads\/2018\/03\/IMG_0126.jpg\"><img loading=\"lazy\" decoding=\"async\" class=\"aligncenter size-large wp-image-51213\" src=\"https:\/\/www.giurgiuveanul.ro\/stiri\/wp-content\/uploads\/2018\/03\/IMG_0126-426x450.jpg\" alt=\"IMG_0126\" width=\"426\" height=\"450\" srcset=\"https:\/\/www.giurgiuveanul.ro\/stiri\/wp-content\/uploads\/2018\/03\/IMG_0126-426x450.jpg 426w, https:\/\/www.giurgiuveanul.ro\/stiri\/wp-content\/uploads\/2018\/03\/IMG_0126-250x264.jpg 250w, https:\/\/www.giurgiuveanul.ro\/stiri\/wp-content\/uploads\/2018\/03\/IMG_0126-400x422.jpg 400w, https:\/\/www.giurgiuveanul.ro\/stiri\/wp-content\/uploads\/2018\/03\/IMG_0126.jpg 758w\" sizes=\"auto, (max-width: 426px) 100vw, 426px\" \/><\/a>\u015eeful Inspectoratului \u015ecolar Jude\u0163ean (I\u015eJ) Giurgiu, Gigi Opri\u015fan, va fi schimbat din func\u0163ie.<\/strong><\/p>\n<p style=\"text-align: justify;\">Schimbarea din func\u0163ie <!--more-->vine \u00een urma reevalu\u0103rii activit\u0103\u0163ii sale manageriale, catalogat\u0103 de oficialii de la Ministerul Educa\u0163iei Na\u0163ionale, Direc\u0163ia General\u0103 Inspec\u0163ie \u015fi Control, ca <strong>nesatisf\u0103c\u0103toare.<\/strong><\/p>\n<p style=\"text-align: justify;\">Pe surse, am aflat c\u0103 numele vehiculat pentru postul de inspector \u015fcolar general este cel al profesoarei <strong>Mirela Delea<\/strong>.<\/p>\n<p style=\"text-align: justify;\">\u015ei inspectorul \u015fcolar adjunct, profesor <strong>Virginia Ren\u0163ea<\/strong>, urmeaz\u0103 a fi schimbat din func\u0163ie, la aceast\u0103 or\u0103 necunosc\u00e2ndu-se cine va fi \u00eenlocuitorul.<\/p>\n","protected":false},"excerpt":{"rendered":"<p>\u015eeful Inspectoratului \u015ecolar Jude\u0163ean (I\u015eJ) Giurgiu, Gigi Opri\u015fan, va fi schimbat din func\u0163ie. Schimbarea din func\u0163ie<\/p>\n","protected":false},"author":1,"featured_media":0,"comment_status":"open","ping_status":"open","sticky":false,"template":"","format":"standard","meta":{"footnotes":""},"categories":[6],"tags":[],"class_list":["post-51212","post","type-post","status-publish","format-standard","hentry","category-breaking-news"],"_links":{"self":[{"href":"https:\/\/www.giurgiuveanul.ro\/stiri\/wp-json\/wp\/v2\/posts\/51212","targetHints":{"allow":["GET"]}}],"collection":[{"href":"https:\/\/www.giurgiuveanul.ro\/stiri\/wp-json\/wp\/v2\/posts"}],"about":[{"href":"https:\/\/www.giurgiuveanul.ro\/stiri\/wp-json\/wp\/v2\/types\/post"}],"author":[{"embeddable":true,"href":"https:\/\/www.giurgiuveanul.ro\/stiri\/wp-json\/wp\/v2\/users\/1"}],"replies":[{"embeddable":true,"href":"https:\/\/www.giurgiuveanul.ro\/stiri\/wp-json\/wp\/v2\/comments?post=51212"}],"version-history":[{"count":0,"href":"https:\/\/www.giurgiuveanul.ro\/stiri\/wp-json\/wp\/v2\/posts\/51212\/revisions"}],"wp:attachment":[{"href":"https:\/\/www.giurgiuveanul.ro\/stiri\/wp-json\/wp\/v2\/media?parent=51212"}],"wp:term":[{"taxonomy":"category","embeddable":true,"href":"https:\/\/www.giurgiuveanul.ro\/stiri\/wp-json\/wp\/v2\/categories?post=51212"},{"taxonomy":"post_tag","embeddable":true,"href":"https:\/\/www.giurgiuveanul.ro\/stiri\/wp-json\/wp\/v2\/tags?post=51212"}],"curies":[{"name":"wp","href":"https:\/\/api.w.org\/{rel}","templated":true}]}}