{"id":51220,"date":"2018-03-28T16:39:50","date_gmt":"2018-03-28T13:39:50","guid":{"rendered":"https:\/\/www.giurgiuveanul.ro\/stiri\/?p=51220"},"modified":"2018-03-28T16:46:16","modified_gmt":"2018-03-28T13:46:16","slug":"foto-portofel-cu-bani-gasit-in-giurgiu-apelul-politiei-distribuiti","status":"publish","type":"post","link":"https:\/\/www.giurgiuveanul.ro\/stiri\/foto-portofel-cu-bani-gasit-in-giurgiu-apelul-politiei-distribuiti\/","title":{"rendered":"(FOTO). Portofel cu bani, g\u0103sit \u00een Giurgiu. Apelul Poli\u021biei (DISTRIBUI\u0162I!)"},"content":{"rendered":"<p style=\"text-align: justify;\"><strong><a href=\"https:\/\/www.giurgiuveanul.ro\/stiri\/wp-content\/uploads\/2018\/03\/IMG-20180328-WA0004.jpg\"><img loading=\"lazy\" decoding=\"async\" class=\"aligncenter size-large wp-image-51221\" src=\"https:\/\/www.giurgiuveanul.ro\/stiri\/wp-content\/uploads\/2018\/03\/IMG-20180328-WA0004-338x450.jpg\" alt=\"IMG-20180328-WA0004\" width=\"338\" height=\"450\" srcset=\"https:\/\/www.giurgiuveanul.ro\/stiri\/wp-content\/uploads\/2018\/03\/IMG-20180328-WA0004-338x450.jpg 338w, https:\/\/www.giurgiuveanul.ro\/stiri\/wp-content\/uploads\/2018\/03\/IMG-20180328-WA0004-225x300.jpg 225w, https:\/\/www.giurgiuveanul.ro\/stiri\/wp-content\/uploads\/2018\/03\/IMG-20180328-WA0004-400x533.jpg 400w, https:\/\/www.giurgiuveanul.ro\/stiri\/wp-content\/uploads\/2018\/03\/IMG-20180328-WA0004.jpg 768w\" sizes=\"auto, (max-width: 338px) 100vw, 338px\" \/><\/a>Ast\u0103zi, la sediul Poli\u021biei Municipiului Giurgiu <!--more-->a fost adus un portofel care a fost g\u0103sit \u00een zona central\u0103 a ora\u015fului.<\/strong><\/p>\n<p style=\"text-align: justify;\">\u00cen urma verific\u0103rilor, s-a stabilit c\u0103 acesta con\u021bine o sum\u0103 de bani, \u00eens\u0103 nu \u0219i acte care s\u0103 poat\u0103 conduce la identificarea proprietarului de drept.<\/p>\n<p style=\"text-align: justify;\">Persoana care a pierdut bunul respectiv este rugat\u0103 s\u0103 se deplaseze personal la sediul Poli\u0163iei Municipale, din Giurgiu, la \u015feful Biroului Ordine Public\u0103 Mediu Urban, subcomisar <strong>Florin \u015etefan<\/strong>.<\/p>\n<p style=\"text-align: justify;\">De asemenea, persoanele care pot oferi informa\u021bii care s\u0103 conduc\u0103 la identificarea proprietarului, sunt rugate s\u0103 informeze Poli\u021bia.<\/p>\n<p style=\"text-align: justify;\">V\u0103 rug\u0103m distribu\u0163i pe Facebook.<\/p>\n","protected":false},"excerpt":{"rendered":"<p>Ast\u0103zi, la sediul Poli\u021biei Municipiului Giurgiu<\/p>\n","protected":false},"author":1,"featured_media":0,"comment_status":"open","ping_status":"open","sticky":false,"template":"","format":"standard","meta":{"footnotes":""},"categories":[6],"tags":[],"class_list":["post-51220","post","type-post","status-publish","format-standard","hentry","category-breaking-news"],"_links":{"self":[{"href":"https:\/\/www.giurgiuveanul.ro\/stiri\/wp-json\/wp\/v2\/posts\/51220","targetHints":{"allow":["GET"]}}],"collection":[{"href":"https:\/\/www.giurgiuveanul.ro\/stiri\/wp-json\/wp\/v2\/posts"}],"about":[{"href":"https:\/\/www.giurgiuveanul.ro\/stiri\/wp-json\/wp\/v2\/types\/post"}],"author":[{"embeddable":true,"href":"https:\/\/www.giurgiuveanul.ro\/stiri\/wp-json\/wp\/v2\/users\/1"}],"replies":[{"embeddable":true,"href":"https:\/\/www.giurgiuveanul.ro\/stiri\/wp-json\/wp\/v2\/comments?post=51220"}],"version-history":[{"count":0,"href":"https:\/\/www.giurgiuveanul.ro\/stiri\/wp-json\/wp\/v2\/posts\/51220\/revisions"}],"wp:attachment":[{"href":"https:\/\/www.giurgiuveanul.ro\/stiri\/wp-json\/wp\/v2\/media?parent=51220"}],"wp:term":[{"taxonomy":"category","embeddable":true,"href":"https:\/\/www.giurgiuveanul.ro\/stiri\/wp-json\/wp\/v2\/categories?post=51220"},{"taxonomy":"post_tag","embeddable":true,"href":"https:\/\/www.giurgiuveanul.ro\/stiri\/wp-json\/wp\/v2\/tags?post=51220"}],"curies":[{"name":"wp","href":"https:\/\/api.w.org\/{rel}","templated":true}]}}