{"id":51225,"date":"2018-03-28T17:04:44","date_gmt":"2018-03-28T14:04:44","guid":{"rendered":"https:\/\/www.giurgiuveanul.ro\/stiri\/?p=51225"},"modified":"2018-03-28T17:04:55","modified_gmt":"2018-03-28T14:04:55","slug":"ultima-ora-comitetul-judetean-pentru-situatii-de-urgenta-giurgiu-comunicat-de-presa","status":"publish","type":"post","link":"https:\/\/www.giurgiuveanul.ro\/stiri\/ultima-ora-comitetul-judetean-pentru-situatii-de-urgenta-giurgiu-comunicat-de-presa\/","title":{"rendered":"ULTIMA OR\u0102! Comitetul Jude\u0163ean pentru Situa\u0163ii de Urgen\u0163\u0103 Giurgiu: COMUNICAT DE PRES\u0102!"},"content":{"rendered":"<p style=\"text-align: justify;\"><strong><a href=\"https:\/\/www.giurgiuveanul.ro\/stiri\/wp-content\/uploads\/2018\/03\/tele1.jpg\"><img loading=\"lazy\" decoding=\"async\" class=\"aligncenter size-large wp-image-51226\" src=\"https:\/\/www.giurgiuveanul.ro\/stiri\/wp-content\/uploads\/2018\/03\/tele1-560x420.jpg\" alt=\"tele1\" width=\"560\" height=\"420\" srcset=\"https:\/\/www.giurgiuveanul.ro\/stiri\/wp-content\/uploads\/2018\/03\/tele1-560x420.jpg 560w, https:\/\/www.giurgiuveanul.ro\/stiri\/wp-content\/uploads\/2018\/03\/tele1-250x188.jpg 250w, https:\/\/www.giurgiuveanul.ro\/stiri\/wp-content\/uploads\/2018\/03\/tele1-400x300.jpg 400w, https:\/\/www.giurgiuveanul.ro\/stiri\/wp-content\/uploads\/2018\/03\/tele1.jpg 860w\" sizes=\"auto, (max-width: 560px) 100vw, 560px\" \/><\/a>\u00cen ultimele 24 de ore, pe raza jude\u021bului Giurgiu<!--more--> nu s-au \u00eenregistrat precipita\u021bii sau alte fenomene meteorologice periculoase.<\/strong><\/p>\n<p style=\"text-align: justify;\">Potrivit unui comunicat al CJSU Giurgiu, r\u00e2urile interioare care str\u0103bat jude\u021bul Giurgiu au un regim de curgere normal, nivelurile \u0219i debitele situ\u00e2ndu-se sub cotele de aten\u021bie, cu excep\u021bia r\u00e2urilor Neajlov-sec\u021biunea Vadu Lat, Glavacioc-sec\u021biunea Crevedia, r\u00e2ul Sabar-sec\u021biunea Poenari, situa\u021bia cotelor fiind urm\u0103toarea:<\/p>\n<p style=\"text-align: justify;\">&#8211; La sta\u021bia hidrometric\u0103 de la Vadu Lat, de pe r\u00e2ul Neajlov la ora 11:00 nivelul \u00eenregistrat era de 307 cm, cu 47 cm peste cota de pericol, \u00een cre\u0219tere cu 2 cm fa\u021b\u0103 de nivelul \u00eenregistrat la ora 11:00;<\/p>\n<p style=\"text-align: justify;\">&#8211; La sta\u021bia hidrometric\u0103 de la Crovu, de pe r\u00e2ul Glavacioc la ora 09:00 nivelul \u00eenregistrat era de 223 cm, cu 23 cm peste cota de aten\u021bie \u0219i 27 cm sub cota de inunda\u021bie, sta\u021bionar comparativ cu nivelul \u00eenregistrat la ora 07:00;<\/p>\n<p style=\"text-align: justify;\">&#8211; La sta\u021bia hidrometric\u0103 de la Poenari, de pe r\u00e2ul Sabar la ora 09:00 nivelul \u00eenregistrat era de 198 cm, cu 18 cm peste cota de aten\u021bie \u0219i 2 cm sub cota de inunda\u021bie, \u00een cre\u0219tere cu 8 cm comparativ cu nivelul \u00eenregistrat la ora 07:00.<\/p>\n<p style=\"text-align: justify;\">Fluviul Dun\u0103rea are o tendin\u021b\u0103 de u\u0219oar\u0103 cre\u015ftere \u00een sec\u0163iunea port Giurgiu, la ora 08.00 nivelul situ\u00e2ndu-se cu 7 cm peste cota de inunda\u021bie (647 cm cu un debit de 12.690 mc\/s, \u00een cre\u0219tere cu 1 cm comparativ cu nivelul \u00eenregistrat la ora 06.00 \u0219i cu 113 cm sub cota de pericol).<\/p>\n<p style=\"text-align: justify;\"><strong>Care este situa\u0163ia operativ\u0103 \u015fi ce U.A.T.-uri sunt afectate<\/strong><\/p>\n<p style=\"text-align: justify;\">Ca urmare a cre\u015fterii debitului fluviului Dun\u0103rea, \u00een zona dig-mal s-au inundat circa 400 hectare suprafa\u021b\u0103 fond forestier (zona inundabil\u0103).<\/p>\n<p style=\"text-align: justify;\">\u00cen acest moment, la nivel jude\u021bean, unit\u0103\u021bile administrativ-teritoriale Crevedia Mare, Buc\u0219ani \u0219i G\u0103iseni sunt afectate de cre\u0219terile debitelor r\u00e2urilor, respectiv topirea z\u0103pezii, astfel (situa\u021bie centralizat\u0103): 370 hectare p\u0103\u0219une; 287 hectare teren arabil; \u015fase cur\u0163i; cinci gr\u0103dini; dou\u0103 anexe; pepiniera Buc\u0219ani S.C. Miorod S.R.L. afectat\u0103 pe o por\u021biune de 400 m cu un luciu de ap\u0103 de 80 cm; un pod provizoriu peste r\u00e2ul D\u00e2mbovnic pe DJ 412C deversat de o lam\u0103 de ap\u0103 de 30 cm, rezult\u00e2nd \u00eenchiderea DJ 412C pe tronsonul Buc\u0219ani-M\u00e2r\u0219a, cu alternativ\u0103 de rut\u0103 ocolitoare pe DJ 601 M\u00e2r\u0219a-Roata de Jos-Crevedia; DC 191 Vadu Lat \u2013 Anghele\u0219ti, \u00eenchis pe o lungime de 1 km p\u00e2n\u0103 la intersec\u021bia cu Obedeni (deversat pe o lungime de 500 m cu o lam\u0103 de ap\u0103 de 50 cm), cu alternativ\u0103 de rut\u0103 ocolitoare pe DJ 412C Obedeni-Buc\u0219ani.<\/p>\n","protected":false},"excerpt":{"rendered":"<p>\u00cen ultimele 24 de ore, pe raza jude\u021bului Giurgiu<\/p>\n","protected":false},"author":1,"featured_media":0,"comment_status":"open","ping_status":"open","sticky":false,"template":"","format":"standard","meta":{"footnotes":""},"categories":[6],"tags":[],"class_list":["post-51225","post","type-post","status-publish","format-standard","hentry","category-breaking-news"],"_links":{"self":[{"href":"https:\/\/www.giurgiuveanul.ro\/stiri\/wp-json\/wp\/v2\/posts\/51225","targetHints":{"allow":["GET"]}}],"collection":[{"href":"https:\/\/www.giurgiuveanul.ro\/stiri\/wp-json\/wp\/v2\/posts"}],"about":[{"href":"https:\/\/www.giurgiuveanul.ro\/stiri\/wp-json\/wp\/v2\/types\/post"}],"author":[{"embeddable":true,"href":"https:\/\/www.giurgiuveanul.ro\/stiri\/wp-json\/wp\/v2\/users\/1"}],"replies":[{"embeddable":true,"href":"https:\/\/www.giurgiuveanul.ro\/stiri\/wp-json\/wp\/v2\/comments?post=51225"}],"version-history":[{"count":0,"href":"https:\/\/www.giurgiuveanul.ro\/stiri\/wp-json\/wp\/v2\/posts\/51225\/revisions"}],"wp:attachment":[{"href":"https:\/\/www.giurgiuveanul.ro\/stiri\/wp-json\/wp\/v2\/media?parent=51225"}],"wp:term":[{"taxonomy":"category","embeddable":true,"href":"https:\/\/www.giurgiuveanul.ro\/stiri\/wp-json\/wp\/v2\/categories?post=51225"},{"taxonomy":"post_tag","embeddable":true,"href":"https:\/\/www.giurgiuveanul.ro\/stiri\/wp-json\/wp\/v2\/tags?post=51225"}],"curies":[{"name":"wp","href":"https:\/\/api.w.org\/{rel}","templated":true}]}}