{"id":51228,"date":"2018-03-28T18:22:25","date_gmt":"2018-03-28T15:22:25","guid":{"rendered":"https:\/\/www.giurgiuveanul.ro\/stiri\/?p=51228"},"modified":"2018-03-28T18:22:25","modified_gmt":"2018-03-28T15:22:25","slug":"4-000-de-mp-de-gropi-in-giurgiu-cand-vor-fi-astupate","status":"publish","type":"post","link":"https:\/\/www.giurgiuveanul.ro\/stiri\/4-000-de-mp-de-gropi-in-giurgiu-cand-vor-fi-astupate\/","title":{"rendered":"4.000 de mp de gropi, \u00een Giurgiu. C\u00e2nd vor fi astupate"},"content":{"rendered":"<p style=\"text-align: justify;\"><a href=\"https:\/\/www.giurgiuveanul.ro\/stiri\/wp-content\/uploads\/2018\/03\/IMG_2050.jpg\"><img loading=\"lazy\" decoding=\"async\" class=\"aligncenter size-large wp-image-51229\" src=\"https:\/\/www.giurgiuveanul.ro\/stiri\/wp-content\/uploads\/2018\/03\/IMG_2050-476x450.jpg\" alt=\"IMG_2050\" width=\"476\" height=\"450\" srcset=\"https:\/\/www.giurgiuveanul.ro\/stiri\/wp-content\/uploads\/2018\/03\/IMG_2050-476x450.jpg 476w, https:\/\/www.giurgiuveanul.ro\/stiri\/wp-content\/uploads\/2018\/03\/IMG_2050-250x237.jpg 250w, https:\/\/www.giurgiuveanul.ro\/stiri\/wp-content\/uploads\/2018\/03\/IMG_2050-400x379.jpg 400w, https:\/\/www.giurgiuveanul.ro\/stiri\/wp-content\/uploads\/2018\/03\/IMG_2050.jpg 800w\" sizes=\"auto, (max-width: 476px) 100vw, 476px\" \/><\/a>Iarna <!--more-->a umplut str\u0103zile din Giurgiu de gropi. A\u0219a se face c\u0103 artere \u00eentregi din Giurgiu fac din \u0219oferie un adev\u0103rat calvar, dar afecteaz\u0103 \u0219i starea tehnic\u0103 a autovehiculelor. Gropi au ap\u0103rut chiar \u0219i pe artere de circula\u021bie foarte importante, cum este \u0219os. Bucure\u0219ti, dar cea mai stricat\u0103 este artera care duce c\u0103tre Poli\u021bia Local\u0103,\u00a0 fiind afectat\u0103 de traficul greu.<\/p>\n<p style=\"text-align: justify;\">\u00cen acest sens, au fost inventariate toate zonele din municipiu unde carosabilul pune \u00een pericol siguran\u021ba circula\u021biei de c\u0103tre cei de la ADPP, directorul societ\u0103\u021bii sus\u021bin\u00e2nd c\u0103 sunt 4.000 de mp care necesit\u0103 repara\u021bii. Lucr\u0103rile de repara\u021bii vor \u00eencepe \u00een aceste zile, spun reprezentan\u021bii ADPP.<\/p>\n","protected":false},"excerpt":{"rendered":"<p>Iarna<\/p>\n","protected":false},"author":1,"featured_media":0,"comment_status":"open","ping_status":"open","sticky":false,"template":"","format":"standard","meta":{"footnotes":""},"categories":[6],"tags":[],"class_list":["post-51228","post","type-post","status-publish","format-standard","hentry","category-breaking-news"],"_links":{"self":[{"href":"https:\/\/www.giurgiuveanul.ro\/stiri\/wp-json\/wp\/v2\/posts\/51228","targetHints":{"allow":["GET"]}}],"collection":[{"href":"https:\/\/www.giurgiuveanul.ro\/stiri\/wp-json\/wp\/v2\/posts"}],"about":[{"href":"https:\/\/www.giurgiuveanul.ro\/stiri\/wp-json\/wp\/v2\/types\/post"}],"author":[{"embeddable":true,"href":"https:\/\/www.giurgiuveanul.ro\/stiri\/wp-json\/wp\/v2\/users\/1"}],"replies":[{"embeddable":true,"href":"https:\/\/www.giurgiuveanul.ro\/stiri\/wp-json\/wp\/v2\/comments?post=51228"}],"version-history":[{"count":0,"href":"https:\/\/www.giurgiuveanul.ro\/stiri\/wp-json\/wp\/v2\/posts\/51228\/revisions"}],"wp:attachment":[{"href":"https:\/\/www.giurgiuveanul.ro\/stiri\/wp-json\/wp\/v2\/media?parent=51228"}],"wp:term":[{"taxonomy":"category","embeddable":true,"href":"https:\/\/www.giurgiuveanul.ro\/stiri\/wp-json\/wp\/v2\/categories?post=51228"},{"taxonomy":"post_tag","embeddable":true,"href":"https:\/\/www.giurgiuveanul.ro\/stiri\/wp-json\/wp\/v2\/tags?post=51228"}],"curies":[{"name":"wp","href":"https:\/\/api.w.org\/{rel}","templated":true}]}}