{"id":51231,"date":"2018-03-28T18:36:42","date_gmt":"2018-03-28T15:36:42","guid":{"rendered":"https:\/\/www.giurgiuveanul.ro\/stiri\/?p=51231"},"modified":"2018-03-28T18:36:42","modified_gmt":"2018-03-28T15:36:42","slug":"vino-si-tu-la-procesiunea-de-florii-in-giurgiu","status":"publish","type":"post","link":"https:\/\/www.giurgiuveanul.ro\/stiri\/vino-si-tu-la-procesiunea-de-florii-in-giurgiu\/","title":{"rendered":"Vino \u015fi tu la procesiunea de Florii, \u00een Giurgiu!"},"content":{"rendered":"<p style=\"text-align: justify;\"><a href=\"https:\/\/www.giurgiuveanul.ro\/stiri\/wp-content\/uploads\/2018\/03\/IMG_3791.jpg\"><img loading=\"lazy\" decoding=\"async\" class=\"aligncenter size-large wp-image-51232\" src=\"https:\/\/www.giurgiuveanul.ro\/stiri\/wp-content\/uploads\/2018\/03\/IMG_3791-560x362.jpg\" alt=\"IMG_3791\" width=\"560\" height=\"362\" srcset=\"https:\/\/www.giurgiuveanul.ro\/stiri\/wp-content\/uploads\/2018\/03\/IMG_3791-560x362.jpg 560w, https:\/\/www.giurgiuveanul.ro\/stiri\/wp-content\/uploads\/2018\/03\/IMG_3791-250x162.jpg 250w, https:\/\/www.giurgiuveanul.ro\/stiri\/wp-content\/uploads\/2018\/03\/IMG_3791-400x259.jpg 400w, https:\/\/www.giurgiuveanul.ro\/stiri\/wp-content\/uploads\/2018\/03\/IMG_3791.jpg 800w\" sizes=\"auto, (max-width: 560px) 100vw, 560px\" \/><\/a>Credincio\u015fii din Municipiul Giurgiu<!--more--> sunt a\u015ftepta\u0163i \u00een acest week-end s\u0103 participe la tradi\u0163ionala procesiune de Florii.\u00a0<strong>Pelerinajul va avea loc s\u00e2mb\u0103t\u0103,\u00a0<\/strong><em><strong>31 martie 2018<\/strong><\/em><strong>, \u00eencep\u00e2nd cu ora 16:00.<\/strong><\/p>\n<p style=\"text-align: justify;\">Evenimentul va \u00eencepe prin oficierea \u00een\u00a0<strong>Biserica\u00a0<\/strong><em><strong>Sf. Mare Mucenic Gheorghe<\/strong><\/em><strong>\u00a0&#8211; Giurgiu,<\/strong>\u00a0a slujbei\u00a0<em>Acatistului \u00centr\u0103rii \u00een Ierusalim a M\u00e2ntuitorului Iisus Hristos<\/em>, urmat\u0103 de slujba de sfin\u0163ire a st\u00e2lp\u0103rilor (<em>ramuri de finic \u015fi de salcie<\/em>).<\/p>\n<p style=\"text-align: justify;\">\u00cen continuare, \u00een jurul orei 17:00, procesiunea la care vor participa numero\u0219i clerici,\u00a0<em>prin purtarea de grij\u0103 a Preasfin\u021bitului P\u0103rinte Episcop Dr. Ambrozie<\/em>, va porni spre\u00a0<strong>Catedrala Episcopal\u0103<\/strong>\u00a0pe urm\u0103torul traseu:<\/p>\n<p style=\"text-align: justify;\"><strong>Biserica\u00a0<\/strong><em><strong>Sf. M. Mucenic Gheorghe<\/strong><\/em>\u00a0\u2192 Str. Libert\u0103\u021bii\u2192 Str. Mircea cel B\u0103tr\u0103n (pietonal\u0103)\u2192 Centru \u2192 B-dul Bucure\u015fti \u2192\u00a0<strong>Catedrala Episcopal\u0103\u00a0<\/strong><em><strong>Adormirea Maicii Domnului<\/strong><\/em><strong>,<\/strong>\u00a0unde va fi s\u0103v\u00e2r\u015fit\u0103 slujba\u00a0<em>Vecerniei unit\u0103 cu Litia.<\/em><\/p>\n<p style=\"text-align: justify;\">\u00cen cadrul procesiunii vor avea loc opriri, unde vor fi rostite ectenii \u015fi rug\u0103ciuni.<\/p>\n<p style=\"text-align: justify;\">La eveniment vor participa foarte mul\u021bi clerici din cadrul Protopopiatului Giurgiul, c\u0103rora li se vor al\u0103tura credincio\u015fii care doresc s\u0103 m\u0103rturiseasc\u0103 public Ortodoxia.<\/p>\n<p style=\"text-align: center;\"><em>***<\/em><\/p>\n<p style=\"text-align: justify;\"><em>\u00cencep\u00e2nd cu anul 2009, tradi\u0163ia procesiunii clericilor \u015fi credincio\u015filor \u00een ajunul<\/em><strong><em>Praznicului Intr\u0103rii Domnului \u00een Ierusalim (Floriile)<\/em><\/strong><em>\u00a0a fost preluat\u0103 \u0219i \u00een Episcopia Giurgiului. Aceste pelerinaje sunt m\u0103rturisiri publice, prin rug\u0103ciuni \u015fi c\u00e2nt\u0103ri biserice\u015fti, ale credin\u0163ei \u00een\u00a0<\/em><strong><em>Jertfa \u015fi \u00cenvierea M\u00e2ntuitorului Iisus Hristos.<\/em><\/strong><\/p>\n<p style=\"text-align: justify;\">\n","protected":false},"excerpt":{"rendered":"<p>Credincio\u015fii din Municipiul Giurgiu<\/p>\n","protected":false},"author":1,"featured_media":0,"comment_status":"open","ping_status":"open","sticky":false,"template":"","format":"standard","meta":{"footnotes":""},"categories":[6],"tags":[],"class_list":["post-51231","post","type-post","status-publish","format-standard","hentry","category-breaking-news"],"_links":{"self":[{"href":"https:\/\/www.giurgiuveanul.ro\/stiri\/wp-json\/wp\/v2\/posts\/51231","targetHints":{"allow":["GET"]}}],"collection":[{"href":"https:\/\/www.giurgiuveanul.ro\/stiri\/wp-json\/wp\/v2\/posts"}],"about":[{"href":"https:\/\/www.giurgiuveanul.ro\/stiri\/wp-json\/wp\/v2\/types\/post"}],"author":[{"embeddable":true,"href":"https:\/\/www.giurgiuveanul.ro\/stiri\/wp-json\/wp\/v2\/users\/1"}],"replies":[{"embeddable":true,"href":"https:\/\/www.giurgiuveanul.ro\/stiri\/wp-json\/wp\/v2\/comments?post=51231"}],"version-history":[{"count":0,"href":"https:\/\/www.giurgiuveanul.ro\/stiri\/wp-json\/wp\/v2\/posts\/51231\/revisions"}],"wp:attachment":[{"href":"https:\/\/www.giurgiuveanul.ro\/stiri\/wp-json\/wp\/v2\/media?parent=51231"}],"wp:term":[{"taxonomy":"category","embeddable":true,"href":"https:\/\/www.giurgiuveanul.ro\/stiri\/wp-json\/wp\/v2\/categories?post=51231"},{"taxonomy":"post_tag","embeddable":true,"href":"https:\/\/www.giurgiuveanul.ro\/stiri\/wp-json\/wp\/v2\/tags?post=51231"}],"curies":[{"name":"wp","href":"https:\/\/api.w.org\/{rel}","templated":true}]}}