{"id":51242,"date":"2018-03-29T18:26:02","date_gmt":"2018-03-29T15:26:02","guid":{"rendered":"https:\/\/www.giurgiuveanul.ro\/stiri\/?p=51242"},"modified":"2018-03-29T18:26:25","modified_gmt":"2018-03-29T15:26:25","slug":"giurgiu-cod-portocaliu-de-inundatii-foto","status":"publish","type":"post","link":"https:\/\/www.giurgiuveanul.ro\/stiri\/giurgiu-cod-portocaliu-de-inundatii-foto\/","title":{"rendered":"Giurgiu, sub COD PORTOCALIU de inunda\u0163ii! (FOTO)"},"content":{"rendered":"<p style=\"text-align: justify;\"><a href=\"https:\/\/www.giurgiuveanul.ro\/stiri\/wp-content\/uploads\/2018\/03\/IMG_2322.jpg\"><img loading=\"lazy\" decoding=\"async\" class=\"aligncenter size-large wp-image-51243\" src=\"https:\/\/www.giurgiuveanul.ro\/stiri\/wp-content\/uploads\/2018\/03\/IMG_2322-560x389.jpg\" alt=\"IMG_2322\" width=\"560\" height=\"389\" srcset=\"https:\/\/www.giurgiuveanul.ro\/stiri\/wp-content\/uploads\/2018\/03\/IMG_2322-560x389.jpg 560w, https:\/\/www.giurgiuveanul.ro\/stiri\/wp-content\/uploads\/2018\/03\/IMG_2322-250x173.jpg 250w, https:\/\/www.giurgiuveanul.ro\/stiri\/wp-content\/uploads\/2018\/03\/IMG_2322-400x278.jpg 400w, https:\/\/www.giurgiuveanul.ro\/stiri\/wp-content\/uploads\/2018\/03\/IMG_2322.jpg 800w\" sizes=\"auto, (max-width: 560px) 100vw, 560px\" \/><\/a>Patru <!--more-->cursuri de ap\u0103 din jude\u0163ele Olt, Teleorman, Arge\u015f, D\u00e2mbovi\u0163a \u015fi <strong>Giurgiu<\/strong> sunt sub\u00a0COD PORTOCALIU de inunda\u0163ii p\u00e2n\u0103 la miezul nop\u0163ii.<\/p>\n<p style=\"text-align: justify;\">Potrivit hidrologilor, este vorba despre r\u00e2urile C\u0103lm\u0103\u0163ui, Teleorman, Vedea \u015fi <strong>Neajlov<\/strong>. De asemenea, mai multe r\u00e2uri din sud, centru \u015fi nord-est sunt vizate de un cod galben.<\/p>\n<p style=\"text-align: justify;\">\u015ei pe Dun\u0103re este cod portocaliu p\u00e2n\u0103 s\u0103pt\u0103m\u00e2na viitoare, pe sectoarele Calafat \u2013 Olteni\u0163a \u015fi Cernavod\u0103 \u2013 Gala\u0163i, precum \u015fi \u00een Delta Dun\u0103rii.<\/p>\n<p style=\"text-align: justify;\">N.R.\u00a0Cas\u0103 \u00een comuna C\u0103lug\u0103reni, imagine realizat\u0103 \u00een urm\u0103 cu pu\u0163in timp!<\/p>\n","protected":false},"excerpt":{"rendered":"<p>Patru<\/p>\n","protected":false},"author":1,"featured_media":0,"comment_status":"open","ping_status":"open","sticky":false,"template":"","format":"standard","meta":{"footnotes":""},"categories":[6],"tags":[],"class_list":["post-51242","post","type-post","status-publish","format-standard","hentry","category-breaking-news"],"_links":{"self":[{"href":"https:\/\/www.giurgiuveanul.ro\/stiri\/wp-json\/wp\/v2\/posts\/51242","targetHints":{"allow":["GET"]}}],"collection":[{"href":"https:\/\/www.giurgiuveanul.ro\/stiri\/wp-json\/wp\/v2\/posts"}],"about":[{"href":"https:\/\/www.giurgiuveanul.ro\/stiri\/wp-json\/wp\/v2\/types\/post"}],"author":[{"embeddable":true,"href":"https:\/\/www.giurgiuveanul.ro\/stiri\/wp-json\/wp\/v2\/users\/1"}],"replies":[{"embeddable":true,"href":"https:\/\/www.giurgiuveanul.ro\/stiri\/wp-json\/wp\/v2\/comments?post=51242"}],"version-history":[{"count":0,"href":"https:\/\/www.giurgiuveanul.ro\/stiri\/wp-json\/wp\/v2\/posts\/51242\/revisions"}],"wp:attachment":[{"href":"https:\/\/www.giurgiuveanul.ro\/stiri\/wp-json\/wp\/v2\/media?parent=51242"}],"wp:term":[{"taxonomy":"category","embeddable":true,"href":"https:\/\/www.giurgiuveanul.ro\/stiri\/wp-json\/wp\/v2\/categories?post=51242"},{"taxonomy":"post_tag","embeddable":true,"href":"https:\/\/www.giurgiuveanul.ro\/stiri\/wp-json\/wp\/v2\/tags?post=51242"}],"curies":[{"name":"wp","href":"https:\/\/api.w.org\/{rel}","templated":true}]}}