{"id":51283,"date":"2018-03-30T19:40:05","date_gmt":"2018-03-30T16:40:05","guid":{"rendered":"https:\/\/www.giurgiuveanul.ro\/stiri\/?p=51283"},"modified":"2018-03-30T19:40:05","modified_gmt":"2018-03-30T16:40:05","slug":"politia-giurgiu-actiune-in-cadrul-programului-scutul-padurii-foto","status":"publish","type":"post","link":"https:\/\/www.giurgiuveanul.ro\/stiri\/politia-giurgiu-actiune-in-cadrul-programului-scutul-padurii-foto\/","title":{"rendered":"POLI\u0162IA Giurgiu. Ac\u021biune \u00een cadrul Programului \u201eScutul P\u0103durii\u201d! (FOTO)"},"content":{"rendered":"<p style=\"text-align: justify;\"><a href=\"https:\/\/www.giurgiuveanul.ro\/stiri\/wp-content\/uploads\/2018\/03\/IMG-20180330-WA0020.jpg\"><img loading=\"lazy\" decoding=\"async\" class=\"aligncenter size-large wp-image-51284\" src=\"https:\/\/www.giurgiuveanul.ro\/stiri\/wp-content\/uploads\/2018\/03\/IMG-20180330-WA0020-560x281.jpg\" alt=\"IMG-20180330-WA0020\" width=\"560\" height=\"281\" srcset=\"https:\/\/www.giurgiuveanul.ro\/stiri\/wp-content\/uploads\/2018\/03\/IMG-20180330-WA0020-560x281.jpg 560w, https:\/\/www.giurgiuveanul.ro\/stiri\/wp-content\/uploads\/2018\/03\/IMG-20180330-WA0020-250x126.jpg 250w, https:\/\/www.giurgiuveanul.ro\/stiri\/wp-content\/uploads\/2018\/03\/IMG-20180330-WA0020-400x201.jpg 400w, https:\/\/www.giurgiuveanul.ro\/stiri\/wp-content\/uploads\/2018\/03\/IMG-20180330-WA0020.jpg 800w\" sizes=\"auto, (max-width: 560px) 100vw, 560px\" \/><\/a>Poli\u021bi\u0219tii giurgiuveni, \u00eempreun\u0103 cu <!--more-->reprezentan\u021bi din cadrul G\u0103rzii Forestiere Bucure\u0219ti \u0219i ai Ocolului Silvic Giurgiu au desf\u0103\u0219urat o ac\u021biune \u00een cadrul Programului \u201eScutul P\u0103durii\u201d.<\/p>\n<p style=\"text-align: justify;\">Joi 29 martie a.c., poli\u021bi\u0219ti din cadrul Serviciului de Ordine Public\u0103 de la Inspectoratului de Poli\u021bie Jude\u021bean Giurgiu \u015fi reprezentan\u021bi din cadrul G\u0103rzii Forestiere Bucure\u0219ti \u0219i ai Ocolului Silvic Giurgiu au ac\u021bionat pe linie de silvicultur\u0103 pe raza jude\u021bului Giurgiu.<\/p>\n<p style=\"text-align: justify;\">Scopul ac\u021biunii a fost controlul circula\u021biei materialului lemnos pe drumurile publice, precum \u0219i a agen\u021bilor economici care au ca obiect de activitate materialul lemnos.<\/p>\n<p style=\"text-align: justify;\">\u00cen cadrul ac\u021biunii au fost aplicate un num\u0103r de \u015fapte sanc\u021biuni contraven\u021bionale \u00een valoare de 10.000 lei, \u0219i a fost confiscat\u0103 cantitatea de 24,01 metri cubi lemn foc salc\u00e2m care au fost l\u0103sa\u021bi \u00een custodie la Cantonul Silvic B\u0103l\u0103noaia din cadrul Ocolului Silvic Giurgiu.<\/p>\n<p>&nbsp;<\/p>\n","protected":false},"excerpt":{"rendered":"<p>Poli\u021bi\u0219tii giurgiuveni, \u00eempreun\u0103 cu<\/p>\n","protected":false},"author":1,"featured_media":0,"comment_status":"open","ping_status":"open","sticky":false,"template":"","format":"standard","meta":{"footnotes":""},"categories":[6],"tags":[],"class_list":["post-51283","post","type-post","status-publish","format-standard","hentry","category-breaking-news"],"_links":{"self":[{"href":"https:\/\/www.giurgiuveanul.ro\/stiri\/wp-json\/wp\/v2\/posts\/51283","targetHints":{"allow":["GET"]}}],"collection":[{"href":"https:\/\/www.giurgiuveanul.ro\/stiri\/wp-json\/wp\/v2\/posts"}],"about":[{"href":"https:\/\/www.giurgiuveanul.ro\/stiri\/wp-json\/wp\/v2\/types\/post"}],"author":[{"embeddable":true,"href":"https:\/\/www.giurgiuveanul.ro\/stiri\/wp-json\/wp\/v2\/users\/1"}],"replies":[{"embeddable":true,"href":"https:\/\/www.giurgiuveanul.ro\/stiri\/wp-json\/wp\/v2\/comments?post=51283"}],"version-history":[{"count":0,"href":"https:\/\/www.giurgiuveanul.ro\/stiri\/wp-json\/wp\/v2\/posts\/51283\/revisions"}],"wp:attachment":[{"href":"https:\/\/www.giurgiuveanul.ro\/stiri\/wp-json\/wp\/v2\/media?parent=51283"}],"wp:term":[{"taxonomy":"category","embeddable":true,"href":"https:\/\/www.giurgiuveanul.ro\/stiri\/wp-json\/wp\/v2\/categories?post=51283"},{"taxonomy":"post_tag","embeddable":true,"href":"https:\/\/www.giurgiuveanul.ro\/stiri\/wp-json\/wp\/v2\/tags?post=51283"}],"curies":[{"name":"wp","href":"https:\/\/api.w.org\/{rel}","templated":true}]}}