{"id":51308,"date":"2018-04-01T12:24:47","date_gmt":"2018-04-01T09:24:47","guid":{"rendered":"https:\/\/www.giurgiuveanul.ro\/stiri\/?p=51308"},"modified":"2018-04-01T16:04:54","modified_gmt":"2018-04-01T13:04:54","slug":"paste-fericit-tuturor-cititorilor-nostri-catolici-hristos-inviat","status":"publish","type":"post","link":"https:\/\/www.giurgiuveanul.ro\/stiri\/paste-fericit-tuturor-cititorilor-nostri-catolici-hristos-inviat\/","title":{"rendered":"Pa\u0219te Fericit tuturor cititorilor no\u015ftri catolici! Hristos a \u00cenviat!"},"content":{"rendered":"<p style=\"text-align: justify;\"><strong><a href=\"https:\/\/www.giurgiuveanul.ro\/stiri\/wp-content\/uploads\/2018\/04\/IMG_3340.jpg\"><img loading=\"lazy\" decoding=\"async\" class=\"aligncenter size-large wp-image-51309\" src=\"https:\/\/www.giurgiuveanul.ro\/stiri\/wp-content\/uploads\/2018\/04\/IMG_3340-560x382.jpg\" alt=\"IMG_3340\" width=\"560\" height=\"382\" srcset=\"https:\/\/www.giurgiuveanul.ro\/stiri\/wp-content\/uploads\/2018\/04\/IMG_3340-560x382.jpg 560w, https:\/\/www.giurgiuveanul.ro\/stiri\/wp-content\/uploads\/2018\/04\/IMG_3340-250x170.jpg 250w, https:\/\/www.giurgiuveanul.ro\/stiri\/wp-content\/uploads\/2018\/04\/IMG_3340-400x273.jpg 400w, https:\/\/www.giurgiuveanul.ro\/stiri\/wp-content\/uploads\/2018\/04\/IMG_3340.jpg 800w\" sizes=\"auto, (max-width: 560px) 100vw, 560px\" \/><\/a>Peste un <!--more-->miliard de cre\u015ftini catolici din \u00eentreaga lume s\u0103rb\u0103toresc, ast\u0103zi, \u201c\u00cenvierea lui Hristos\u201d. Azi-noapte, mii de credincio\u015fi au asistat la slujba de \u00cenviere de la Vatican. Ceremonia a fost oficiat\u0103 de Papa Francisc \u00een Bazilica Sf\u00e2ntul Petru.<\/strong><\/p>\n<p style=\"text-align: justify;\">\u015ei comunitatea din Giurgiu, care num\u0103r\u0103\u00a050 de familii \u015fi are un sf\u00e2nt l\u0103ca\u015f de cult, pe strada Hristo Botev,<\/p>\n<p style=\"text-align: justify;\"><a href=\"https:\/\/www.giurgiuveanul.ro\/stiri\/wp-content\/uploads\/2018\/04\/IMG_3313.jpg\"><img loading=\"lazy\" decoding=\"async\" class=\"aligncenter size-large wp-image-51310\" src=\"https:\/\/www.giurgiuveanul.ro\/stiri\/wp-content\/uploads\/2018\/04\/IMG_3313-326x450.jpg\" alt=\"IMG_3313\" width=\"326\" height=\"450\" srcset=\"https:\/\/www.giurgiuveanul.ro\/stiri\/wp-content\/uploads\/2018\/04\/IMG_3313-326x450.jpg 326w, https:\/\/www.giurgiuveanul.ro\/stiri\/wp-content\/uploads\/2018\/04\/IMG_3313-217x300.jpg 217w, https:\/\/www.giurgiuveanul.ro\/stiri\/wp-content\/uploads\/2018\/04\/IMG_3313-400x553.jpg 400w, https:\/\/www.giurgiuveanul.ro\/stiri\/wp-content\/uploads\/2018\/04\/IMG_3313.jpg 579w\" sizes=\"auto, (max-width: 326px) 100vw, 326px\" \/><\/a><\/p>\n<p style=\"text-align: justify;\">s\u0103rb\u0103tore\u015fte Pa\u015ftele. Ast\u0103zi, Biserica Romano-Catolic\u0103 din Giurgiu a fost arhiplin\u0103 la slujba oficiat\u0103 de <strong>p\u0103rintele Marius Ant\u0103lu\u0163e<\/strong>.<\/p>\n<p style=\"text-align: justify;\"><a href=\"https:\/\/www.giurgiuveanul.ro\/stiri\/wp-content\/uploads\/2018\/04\/IMG_3343.jpg\"><img loading=\"lazy\" decoding=\"async\" class=\"aligncenter size-large wp-image-51312\" src=\"https:\/\/www.giurgiuveanul.ro\/stiri\/wp-content\/uploads\/2018\/04\/IMG_3343-254x450.jpg\" alt=\"IMG_3343\" width=\"254\" height=\"450\" srcset=\"https:\/\/www.giurgiuveanul.ro\/stiri\/wp-content\/uploads\/2018\/04\/IMG_3343-254x450.jpg 254w, https:\/\/www.giurgiuveanul.ro\/stiri\/wp-content\/uploads\/2018\/04\/IMG_3343-169x300.jpg 169w, https:\/\/www.giurgiuveanul.ro\/stiri\/wp-content\/uploads\/2018\/04\/IMG_3343-338x600.jpg 338w, https:\/\/www.giurgiuveanul.ro\/stiri\/wp-content\/uploads\/2018\/04\/IMG_3343.jpg 451w\" sizes=\"auto, (max-width: 254px) 100vw, 254px\" \/><\/a><\/p>\n<p style=\"text-align: justify;\"><a href=\"https:\/\/www.giurgiuveanul.ro\/stiri\/wp-content\/uploads\/2018\/04\/IMG_3348.jpg\"><img loading=\"lazy\" decoding=\"async\" class=\"aligncenter size-large wp-image-51311\" src=\"https:\/\/www.giurgiuveanul.ro\/stiri\/wp-content\/uploads\/2018\/04\/IMG_3348-560x351.jpg\" alt=\"IMG_3348\" width=\"560\" height=\"351\" srcset=\"https:\/\/www.giurgiuveanul.ro\/stiri\/wp-content\/uploads\/2018\/04\/IMG_3348-560x351.jpg 560w, https:\/\/www.giurgiuveanul.ro\/stiri\/wp-content\/uploads\/2018\/04\/IMG_3348-250x157.jpg 250w, https:\/\/www.giurgiuveanul.ro\/stiri\/wp-content\/uploads\/2018\/04\/IMG_3348-400x251.jpg 400w, https:\/\/www.giurgiuveanul.ro\/stiri\/wp-content\/uploads\/2018\/04\/IMG_3348.jpg 800w\" sizes=\"auto, (max-width: 560px) 100vw, 560px\" \/><\/a><\/p>\n<p style=\"text-align: justify;\">\u00cenainte de Pa\u015fte, credincio\u015fii romano-catolici \u0163in post 40 de zile. Acesta este diferit, \u00eens\u0103, fa\u0163\u0103 de cel ortodox, \u00eentruc\u00e2t presupune doar evitarea preparatelor din carne \u00een zilele de vineri.<\/p>\n<p style=\"text-align: justify;\">S\u00e2mb\u0103ta la slujba de \u00eenviere, ca \u0219i duminica la ambele slujbe, cei care doresc, pot veni cu alimente pe care preotul le sfin\u021be\u0219te la finalul celebr\u0103rilor.<\/p>\n<p style=\"text-align: justify;\">Tuturor cre\u015ftinilor catolici giurgiuveni care s\u0103rb\u0103toresc, ast\u0103zi, \u201c\u00cenvierea Domnului\u201d le dorim ca Lumina Invierii Domnului s\u0103 le c\u0103l\u0103uzeasc\u0103 drumul \u00een via\u0163\u0103 \u015fi s\u0103 le aduc\u0103 lini\u015fte \u015fi pace \u00een suflet.<\/p>\n<p style=\"text-align: justify;\"><em>Redac\u0163ia cotidianului \u201cGiurgiuveanul\u201d ureaz\u0103 fra\u0163ilor catolici S\u0103rb\u0103tori Fericite al\u0103turi de cei dragi! Hristos a \u00cenviat!<\/em><\/p>\n","protected":false},"excerpt":{"rendered":"<p>Peste un<\/p>\n","protected":false},"author":1,"featured_media":0,"comment_status":"open","ping_status":"open","sticky":false,"template":"","format":"standard","meta":{"footnotes":""},"categories":[6],"tags":[],"class_list":["post-51308","post","type-post","status-publish","format-standard","hentry","category-breaking-news"],"_links":{"self":[{"href":"https:\/\/www.giurgiuveanul.ro\/stiri\/wp-json\/wp\/v2\/posts\/51308","targetHints":{"allow":["GET"]}}],"collection":[{"href":"https:\/\/www.giurgiuveanul.ro\/stiri\/wp-json\/wp\/v2\/posts"}],"about":[{"href":"https:\/\/www.giurgiuveanul.ro\/stiri\/wp-json\/wp\/v2\/types\/post"}],"author":[{"embeddable":true,"href":"https:\/\/www.giurgiuveanul.ro\/stiri\/wp-json\/wp\/v2\/users\/1"}],"replies":[{"embeddable":true,"href":"https:\/\/www.giurgiuveanul.ro\/stiri\/wp-json\/wp\/v2\/comments?post=51308"}],"version-history":[{"count":0,"href":"https:\/\/www.giurgiuveanul.ro\/stiri\/wp-json\/wp\/v2\/posts\/51308\/revisions"}],"wp:attachment":[{"href":"https:\/\/www.giurgiuveanul.ro\/stiri\/wp-json\/wp\/v2\/media?parent=51308"}],"wp:term":[{"taxonomy":"category","embeddable":true,"href":"https:\/\/www.giurgiuveanul.ro\/stiri\/wp-json\/wp\/v2\/categories?post=51308"},{"taxonomy":"post_tag","embeddable":true,"href":"https:\/\/www.giurgiuveanul.ro\/stiri\/wp-json\/wp\/v2\/tags?post=51308"}],"curies":[{"name":"wp","href":"https:\/\/api.w.org\/{rel}","templated":true}]}}