{"id":51345,"date":"2018-04-01T15:54:58","date_gmt":"2018-04-01T12:54:58","guid":{"rendered":"https:\/\/www.giurgiuveanul.ro\/stiri\/?p=51345"},"modified":"2018-04-01T16:48:24","modified_gmt":"2018-04-01T13:48:24","slug":"recidiva-politistii-giurgiuveni-din-nou-la-teatrul-tudor-vianu-foto","status":"publish","type":"post","link":"https:\/\/www.giurgiuveanul.ro\/stiri\/recidiva-politistii-giurgiuveni-din-nou-la-teatrul-tudor-vianu-foto\/","title":{"rendered":"RECIDIV\u0102. Poli\u0163i\u015ftii giurgiuveni, din nou la Teatrul \u201cTudor Vianu\u201d!  (FOTO)"},"content":{"rendered":"<p style=\"text-align: justify;\"><strong><a href=\"https:\/\/www.giurgiuveanul.ro\/stiri\/wp-content\/uploads\/2018\/04\/IMG_2079.jpg\"><img loading=\"lazy\" decoding=\"async\" class=\"aligncenter size-large wp-image-51346\" src=\"https:\/\/www.giurgiuveanul.ro\/stiri\/wp-content\/uploads\/2018\/04\/IMG_2079-560x373.jpg\" alt=\"IMG_2079\" width=\"560\" height=\"373\" srcset=\"https:\/\/www.giurgiuveanul.ro\/stiri\/wp-content\/uploads\/2018\/04\/IMG_2079-560x373.jpg 560w, https:\/\/www.giurgiuveanul.ro\/stiri\/wp-content\/uploads\/2018\/04\/IMG_2079-250x167.jpg 250w, https:\/\/www.giurgiuveanul.ro\/stiri\/wp-content\/uploads\/2018\/04\/IMG_2079-400x267.jpg 400w, https:\/\/www.giurgiuveanul.ro\/stiri\/wp-content\/uploads\/2018\/04\/IMG_2079.jpg 800w\" sizes=\"auto, (max-width: 560px) 100vw, 560px\" \/><\/a>Poli\u0163i\u015ftii giurgiuveni <!--more-->au fost din nou la Tetarul \u201cTudor Vianu\u201d! De aceast\u0103 data au vizionat piesa \u201cParada\u201d.<\/strong><\/p>\n<p style=\"text-align: justify;\">Al\u0103turi de cei prezen\u0163i s-a aflat \u015fi inspectorul \u015fef al IPJ Giurgiu, comisar \u015fef C\u0103t\u0103lin \u0162one, care a venit \u00eenso\u0163it de so\u0163ie \u015fi de feti\u0163a lor.<\/p>\n<p style=\"text-align: justify;\"><a href=\"https:\/\/www.giurgiuveanul.ro\/stiri\/wp-content\/uploads\/2018\/04\/29594387_787349208131780_4079964620718758118_n.jpg\"><img loading=\"lazy\" decoding=\"async\" class=\"aligncenter size-large wp-image-51347\" src=\"https:\/\/www.giurgiuveanul.ro\/stiri\/wp-content\/uploads\/2018\/04\/29594387_787349208131780_4079964620718758118_n-239x450.jpg\" alt=\"29594387_787349208131780_4079964620718758118_n\" width=\"239\" height=\"450\" srcset=\"https:\/\/www.giurgiuveanul.ro\/stiri\/wp-content\/uploads\/2018\/04\/29594387_787349208131780_4079964620718758118_n-239x450.jpg 239w, https:\/\/www.giurgiuveanul.ro\/stiri\/wp-content\/uploads\/2018\/04\/29594387_787349208131780_4079964620718758118_n-159x300.jpg 159w, https:\/\/www.giurgiuveanul.ro\/stiri\/wp-content\/uploads\/2018\/04\/29594387_787349208131780_4079964620718758118_n-318x600.jpg 318w, https:\/\/www.giurgiuveanul.ro\/stiri\/wp-content\/uploads\/2018\/04\/29594387_787349208131780_4079964620718758118_n.jpg 509w\" sizes=\"auto, (max-width: 239px) 100vw, 239px\" \/><\/a><\/p>\n<p style=\"text-align: justify;\">Povestea unui rus tradi\u021bionalist ajuns \u00een Amsterdam, \u00een mijlocul unei parade gay. Disperat c\u0103 fiul s\u0103u este acolo nu tocmai \u00eent\u00e2mpl\u0103tor, se \u00eent\u00e2lne\u0219te cu prietenii acestuia, dar \u0219i cu tequilla, iar din aceast\u0103 coliziune rezult\u0103 o serie de \u00eencurc\u0103turi.<\/p>\n<p style=\"text-align: justify;\"><a href=\"https:\/\/www.giurgiuveanul.ro\/stiri\/wp-content\/uploads\/2018\/04\/IMG_2114.jpg\"><img loading=\"lazy\" decoding=\"async\" class=\"aligncenter size-large wp-image-51348\" src=\"https:\/\/www.giurgiuveanul.ro\/stiri\/wp-content\/uploads\/2018\/04\/IMG_2114-560x357.jpg\" alt=\"IMG_2114\" width=\"560\" height=\"357\" srcset=\"https:\/\/www.giurgiuveanul.ro\/stiri\/wp-content\/uploads\/2018\/04\/IMG_2114-560x357.jpg 560w, https:\/\/www.giurgiuveanul.ro\/stiri\/wp-content\/uploads\/2018\/04\/IMG_2114-250x159.jpg 250w, https:\/\/www.giurgiuveanul.ro\/stiri\/wp-content\/uploads\/2018\/04\/IMG_2114-400x255.jpg 400w, https:\/\/www.giurgiuveanul.ro\/stiri\/wp-content\/uploads\/2018\/04\/IMG_2114.jpg 800w\" sizes=\"auto, (max-width: 560px) 100vw, 560px\" \/><\/a><\/p>\n<p style=\"text-align: justify;\"><a href=\"https:\/\/www.giurgiuveanul.ro\/stiri\/wp-content\/uploads\/2018\/04\/IMG_2118.jpg\"><img loading=\"lazy\" decoding=\"async\" class=\"aligncenter size-large wp-image-51349\" src=\"https:\/\/www.giurgiuveanul.ro\/stiri\/wp-content\/uploads\/2018\/04\/IMG_2118-560x389.jpg\" alt=\"IMG_2118\" width=\"560\" height=\"389\" srcset=\"https:\/\/www.giurgiuveanul.ro\/stiri\/wp-content\/uploads\/2018\/04\/IMG_2118-560x389.jpg 560w, https:\/\/www.giurgiuveanul.ro\/stiri\/wp-content\/uploads\/2018\/04\/IMG_2118-250x173.jpg 250w, https:\/\/www.giurgiuveanul.ro\/stiri\/wp-content\/uploads\/2018\/04\/IMG_2118-400x278.jpg 400w, https:\/\/www.giurgiuveanul.ro\/stiri\/wp-content\/uploads\/2018\/04\/IMG_2118.jpg 800w\" sizes=\"auto, (max-width: 560px) 100vw, 560px\" \/><\/a><\/p>\n<p style=\"text-align: justify;\">Piesa \u201cParada\u201d este scris\u0103 de Alexandr Galin, traducerea \u00eei apar\u0163ine Olg\u0103i Ivan iar regia lui <strong>Cosmin Cre\u0163u<\/strong>.<\/p>\n<p style=\"text-align: justify;\">Din distribu\u0163ie fac parte: Raluca Botez- Larisa; Oana Maria Dragne \u2013 Karina; Laura Voicu \u2013 Marina;\u00a0 Cosmin Cre\u0163u \u2013 Skvor\u021bov; \u015eerban Chi\u0163u \u2013 Victor \u015fi Vlad B\u00eenzoiu \u2013 Dolores.<\/p>\n","protected":false},"excerpt":{"rendered":"<p>Poli\u0163i\u015ftii giurgiuveni<\/p>\n","protected":false},"author":1,"featured_media":0,"comment_status":"open","ping_status":"open","sticky":false,"template":"","format":"standard","meta":{"footnotes":""},"categories":[6],"tags":[],"class_list":["post-51345","post","type-post","status-publish","format-standard","hentry","category-breaking-news"],"_links":{"self":[{"href":"https:\/\/www.giurgiuveanul.ro\/stiri\/wp-json\/wp\/v2\/posts\/51345","targetHints":{"allow":["GET"]}}],"collection":[{"href":"https:\/\/www.giurgiuveanul.ro\/stiri\/wp-json\/wp\/v2\/posts"}],"about":[{"href":"https:\/\/www.giurgiuveanul.ro\/stiri\/wp-json\/wp\/v2\/types\/post"}],"author":[{"embeddable":true,"href":"https:\/\/www.giurgiuveanul.ro\/stiri\/wp-json\/wp\/v2\/users\/1"}],"replies":[{"embeddable":true,"href":"https:\/\/www.giurgiuveanul.ro\/stiri\/wp-json\/wp\/v2\/comments?post=51345"}],"version-history":[{"count":0,"href":"https:\/\/www.giurgiuveanul.ro\/stiri\/wp-json\/wp\/v2\/posts\/51345\/revisions"}],"wp:attachment":[{"href":"https:\/\/www.giurgiuveanul.ro\/stiri\/wp-json\/wp\/v2\/media?parent=51345"}],"wp:term":[{"taxonomy":"category","embeddable":true,"href":"https:\/\/www.giurgiuveanul.ro\/stiri\/wp-json\/wp\/v2\/categories?post=51345"},{"taxonomy":"post_tag","embeddable":true,"href":"https:\/\/www.giurgiuveanul.ro\/stiri\/wp-json\/wp\/v2\/tags?post=51345"}],"curies":[{"name":"wp","href":"https:\/\/api.w.org\/{rel}","templated":true}]}}